{"id":27865,"date":"2011-09-16T07:17:09","date_gmt":"2011-09-16T10:17:09","guid":{"rendered":"http:\/\/pdt-rj.org.br\/index.php\/flavia-morais-fala-sobre-violencia-contra-a-mulher-a-tv-camara-2\/"},"modified":"2017-10-26T09:08:12","modified_gmt":"2017-10-26T11:08:12","slug":"flavia-morais-fala-sobre-violencia-contra-a-mulher-a-tv-camara-2","status":"publish","type":"post","link":"https:\/\/pdt-rj.org.br\/index.php\/flavia-morais-fala-sobre-violencia-contra-a-mulher-a-tv-camara-2\/","title":{"rendered":"Fl\u00e1via Morais fala sobre viol\u00eancia contra a mulher \u00e0 TV C\u00e2mara"},"content":{"rendered":"<p>A aprova&ccedil;&atilde;o da Lei Maria da Penha, em 2006, p&ocirc;s um freio &agrave; viol&ecirc;ncia  dom&eacute;stica contra a mulher. De l&aacute; pra c&aacute; aumentaram os casos de den&uacute;ncias  contra agress&otilde;es e maus-tratos. Muitas mulheres, no entanto,  especialmente as mais pobres, s&atilde;o dependentes economicamente de seus  pr&oacute;prios agressores. <\/p>\n<p>O que fazer quando uma mulher &eacute; v&iacute;tima de viol&ecirc;ncia  dentro de casa, mas n&atilde;o possui meios pr&oacute;prios de subsist&ecirc;ncia? <\/p>\n<p>Para  falar sobre o assunto, a convidada do Programa Palavrea Aberta, da TV C&acirc;mara, &eacute; a deputada Fl&aacute;via Morais (PDT-GO).<\/p>\n<p><a href=\"http:\/\/www2.camara.gov.br\/tv\/materias\/PALAVRA-ABERTA\/202637-DEP.-FLAVIA-MORAIS-%28PDT-GO%29---VIOLENCIA-CONTRA-A-MULHER.html\" target=\"_blank\">Clique aqui para assista ao v&iacute;deo:<\/a><\/p>\n<p>&nbsp;<\/p>\n<p>&nbsp;<\/p>\n<\/p>\n<p>TV C\u00e2mara<\/p>\n<!-- AddThis Advanced Settings generic via filter on the_content --><!-- AddThis Share Buttons generic via filter on the_content -->","protected":false},"excerpt":{"rendered":"<p>A aprova&ccedil;&atilde;o da Lei Maria da Penha, em 2006, p&ocirc;s um freio &agrave; viol&ecirc;ncia dom&eacute;stica contra a mulher. De l&aacute; pra c&aacute; aumentaram os casos de den&uacute;ncias contra agress&otilde;es e maus-tratos. Muitas mulheres, no entanto, especialmente as mais pobres, s&atilde;o dependentes economicamente de seus pr&oacute;prios agressores. O que fazer quando uma mulher &eacute; v&iacute;tima de&#8230;<!-- AddThis Advanced Settings generic via filter on wp_trim_excerpt --><!-- AddThis Share Buttons generic via filter on wp_trim_excerpt --><\/p>\n","protected":false},"author":17,"featured_media":27866,"comment_status":"open","ping_status":"open","sticky":false,"template":"","format":"standard","meta":{"_monsterinsights_skip_tracking":false,"_monsterinsights_sitenote_active":false,"_monsterinsights_sitenote_note":"","_monsterinsights_sitenote_category":0,"_uf_show_specific_survey":0,"_uf_disable_surveys":false,"footnotes":""},"categories":[1459,976],"tags":[],"class_list":["post-27865","post","type-post","status-publish","format-standard","has-post-thumbnail","hentry","category-congresso","category-noticias-em-destaque"],"acf":[],"_links":{"self":[{"href":"https:\/\/pdt-rj.org.br\/index.php\/wp-json\/wp\/v2\/posts\/27865","targetHints":{"allow":["GET"]}}],"collection":[{"href":"https:\/\/pdt-rj.org.br\/index.php\/wp-json\/wp\/v2\/posts"}],"about":[{"href":"https:\/\/pdt-rj.org.br\/index.php\/wp-json\/wp\/v2\/types\/post"}],"author":[{"embeddable":true,"href":"https:\/\/pdt-rj.org.br\/index.php\/wp-json\/wp\/v2\/users\/17"}],"replies":[{"embeddable":true,"href":"https:\/\/pdt-rj.org.br\/index.php\/wp-json\/wp\/v2\/comments?post=27865"}],"version-history":[{"count":1,"href":"https:\/\/pdt-rj.org.br\/index.php\/wp-json\/wp\/v2\/posts\/27865\/revisions"}],"predecessor-version":[{"id":56419,"href":"https:\/\/pdt-rj.org.br\/index.php\/wp-json\/wp\/v2\/posts\/27865\/revisions\/56419"}],"wp:featuredmedia":[{"embeddable":true,"href":"https:\/\/pdt-rj.org.br\/index.php\/wp-json\/wp\/v2\/media\/27866"}],"wp:attachment":[{"href":"https:\/\/pdt-rj.org.br\/index.php\/wp-json\/wp\/v2\/media?parent=27865"}],"wp:term":[{"taxonomy":"category","embeddable":true,"href":"https:\/\/pdt-rj.org.br\/index.php\/wp-json\/wp\/v2\/categories?post=27865"},{"taxonomy":"post_tag","embeddable":true,"href":"https:\/\/pdt-rj.org.br\/index.php\/wp-json\/wp\/v2\/tags?post=27865"}],"curies":[{"name":"wp","href":"https:\/\/api.w.org\/{rel}","templated":true}]}}