{"id":27137,"date":"2011-08-12T03:55:55","date_gmt":"2011-08-12T06:55:55","guid":{"rendered":"http:\/\/pdt-rj.org.br\/index.php\/presidente-do-sated-rj-debate-convenios-para-a-categoria-com-ministro-lupi-2\/"},"modified":"2011-08-12T03:55:55","modified_gmt":"2011-08-12T06:55:55","slug":"presidente-do-sated-rj-debate-convenios-para-a-categoria-com-ministro-lupi-2","status":"publish","type":"post","link":"https:\/\/pdt-rj.org.br\/index.php\/presidente-do-sated-rj-debate-convenios-para-a-categoria-com-ministro-lupi-2\/","title":{"rendered":"Presidente do Sated RJ debate conv\u00eanios para a categoria com ministro Lupi"},"content":{"rendered":"<p style=\"margin-top: 5px;margin-right: 0px;margin-bottom: 5px;margin-left: 0px;text-align: left\">O presidente do Sated RJ &#8211;&nbsp; <span class=\"Apple-converted-space\"><\/span>Sindicato dos Artistas e T&eacute;cnicos em Espet&aacute;culos de Divers&otilde;es do Estado do Rio de Janeiro, ator Jorge Coutinho, e o diretor de eventos da institui&ccedil;&atilde;o, ator Hugo Gross, tiveram uma reuni&atilde;o com o ministro do Trabalho e Emprego Carlos Lupi,em Bras&iacute;lia, para discutir conv&ecirc;nios para qualifica&ccedil;&atilde;o de artistas e t&eacute;cnicos em divers&otilde;es.&nbsp;&nbsp;&nbsp;<\/p>\n<p style=\"margin-top: 5px;margin-right: 0px;margin-bottom: 5px;margin-left: 0px;text-align: justify\">Ainda na capital federal, Jorge Coutinho e Hugo Gross se encontraram com o ex-presidente do Sated RJ e atual deputado federal eleito pelo PPS Stepan Nercessian e falaram sobre as demandas da categoria. Durante a conversa, ambos demonstram preocupa&ccedil;&atilde;o com a efetiva&ccedil;&atilde;o cada vez maior de a&ccedil;&otilde;es culturais no Brasil.<\/p>\n<p style=\"margin-top: 5px;margin-right: 0px;margin-bottom: 5px;margin-left: 0px;text-align: justify\">&nbsp;<\/p>\n<blockquote class=\"wp-embedded-content\" data-secret=\"xZQO6QR6kc\"><p><a href=\"http:\/\/www.satedrj.org.br\/\">Sated-RJ<\/a><\/p><\/blockquote>\n<p><iframe loading=\"lazy\" class=\"wp-embedded-content\" sandbox=\"allow-scripts\" security=\"restricted\" style=\"position: absolute; visibility: hidden;\" title=\"&#8220;Sated-RJ&#8221; &#8212; Sated-RJ - Sindicato dos Artistas e T\u00e9cnicos em Espet\u00e1culos de Divers\u00f5es do Estado do Rio de Janeiro\" src=\"http:\/\/www.satedrj.org.br\/embed\/#?secret=edn6LpXuzB#?secret=xZQO6QR6kc\" data-secret=\"xZQO6QR6kc\" width=\"600\" height=\"338\" frameborder=\"0\" marginwidth=\"0\" marginheight=\"0\" scrolling=\"no\"><\/iframe><\/p>\n<!-- AddThis Advanced Settings generic via filter on the_content --><!-- AddThis Share Buttons generic via filter on the_content -->","protected":false},"excerpt":{"rendered":"<p>O presidente do Sated RJ &#8211;&nbsp; Sindicato dos Artistas e T&eacute;cnicos em Espet&aacute;culos de Divers&otilde;es do Estado do Rio de Janeiro, ator Jorge Coutinho, e o diretor de eventos da institui&ccedil;&atilde;o, ator Hugo Gross, tiveram uma reuni&atilde;o com o ministro do Trabalho e Emprego Carlos Lupi,em Bras&iacute;lia, para discutir conv&ecirc;nios para qualifica&ccedil;&atilde;o de artistas e&#8230;<!-- AddThis Advanced Settings generic via filter on wp_trim_excerpt --><!-- AddThis Share Buttons generic via filter on wp_trim_excerpt --><\/p>\n","protected":false},"author":17,"featured_media":27138,"comment_status":"open","ping_status":"open","sticky":false,"template":"","format":"standard","meta":{"_monsterinsights_skip_tracking":false,"_monsterinsights_sitenote_active":false,"_monsterinsights_sitenote_note":"","_monsterinsights_sitenote_category":0,"_uf_show_specific_survey":0,"_uf_disable_surveys":false,"footnotes":""},"categories":[1402],"tags":[],"class_list":["post-27137","post","type-post","status-publish","format-standard","has-post-thumbnail","hentry","category-cidades"],"acf":[],"_links":{"self":[{"href":"https:\/\/pdt-rj.org.br\/index.php\/wp-json\/wp\/v2\/posts\/27137","targetHints":{"allow":["GET"]}}],"collection":[{"href":"https:\/\/pdt-rj.org.br\/index.php\/wp-json\/wp\/v2\/posts"}],"about":[{"href":"https:\/\/pdt-rj.org.br\/index.php\/wp-json\/wp\/v2\/types\/post"}],"author":[{"embeddable":true,"href":"https:\/\/pdt-rj.org.br\/index.php\/wp-json\/wp\/v2\/users\/17"}],"replies":[{"embeddable":true,"href":"https:\/\/pdt-rj.org.br\/index.php\/wp-json\/wp\/v2\/comments?post=27137"}],"version-history":[{"count":0,"href":"https:\/\/pdt-rj.org.br\/index.php\/wp-json\/wp\/v2\/posts\/27137\/revisions"}],"wp:featuredmedia":[{"embeddable":true,"href":"https:\/\/pdt-rj.org.br\/index.php\/wp-json\/wp\/v2\/media\/27138"}],"wp:attachment":[{"href":"https:\/\/pdt-rj.org.br\/index.php\/wp-json\/wp\/v2\/media?parent=27137"}],"wp:term":[{"taxonomy":"category","embeddable":true,"href":"https:\/\/pdt-rj.org.br\/index.php\/wp-json\/wp\/v2\/categories?post=27137"},{"taxonomy":"post_tag","embeddable":true,"href":"https:\/\/pdt-rj.org.br\/index.php\/wp-json\/wp\/v2\/tags?post=27137"}],"curies":[{"name":"wp","href":"https:\/\/api.w.org\/{rel}","templated":true}]}}