{"id":26517,"date":"2011-07-17T15:31:24","date_gmt":"2011-07-17T18:31:24","guid":{"rendered":"http:\/\/pdt-rj.org.br\/index.php\/ministro-carlos-lupi-lanca-programa-de-qualificacao-em-sergipe-4\/"},"modified":"2011-07-17T15:31:24","modified_gmt":"2011-07-17T18:31:24","slug":"ministro-carlos-lupi-lanca-programa-de-qualificacao-em-sergipe-4","status":"publish","type":"post","link":"https:\/\/pdt-rj.org.br\/index.php\/ministro-carlos-lupi-lanca-programa-de-qualificacao-em-sergipe-4\/","title":{"rendered":"Ministro Carlos Lupi lan\u00e7a programa de qualifica\u00e7\u00e3o em Sergipe"},"content":{"rendered":"<p style=\"text-align: justify\">Nesta segunda-feira (18\/07), &agrave;s 10h, o ministro do Trabalho e Emprego, Carlos Lupi, firmar&aacute; termo de compromisso com a prefeitura de Nossa Senhora do Socorro (Sergipe), F&aacute;bio Henrique, com a finalidade de qualificar 2 mil jovens, no &acirc;mbito do Programa Nacional de Inclus&atilde;o de Jovens (Projovem Trabalhador). &Agrave;s 15 horas, firmar&aacute; acordo com o governo do estado de Sergipe, com a finalidade de qualificar 7 mil jovens sergipanos.<\/p>\n<p>O Minist&eacute;rio do Trabalho e Emprego investir&aacute; cerca de R$ 13,3 milh&otilde;es no Projovem Trabalhador no estado. O programa visa prepara jovens para o mercado de trabalho e para ocupa&ccedil;&otilde;es alternativas que geram renda. Podem participar do programa jovens desempregados com idade entre 18 e 29 anos e que sejam membros de fam&iacute;lias com renda per capta de at&eacute; meio sal&aacute;rio m&iacute;nimo.<\/p>\n<p>Programa&ccedil;&atilde;o: Dia 18 de julho de 2011 (segunda-feira)<\/p>\n<p>10h &#8211; Solenidade de assinatura do Termo de Compromisso entre o MTE e Prefeitura de Nossa Senhora do Socorro.<br \/>&nbsp;Local: Centro Cultural Maria Ribeiro Franco &ndash; Sede da cidade<br \/>&nbsp;Nossa Senhora do Socorro\/SE<\/p>\n<p>15h &#8211; Solenidade de assinatura do Termo de Compromisso entre o MTE e o Governo de Sergipe.<br \/>&nbsp;Local: Sede do Governo de Sergipe &#8211; Ad&eacute;lia Franco, 3305 &ndash; Grageru &ndash; Aracaju\/SE<\/p>\n<p>17h &#8211; Visita a Superintend&ecirc;ncia Regional do Trabalho (SRTE\/SE).<\/p>\n<p>Assessoria MTE<\/p>\n<!-- AddThis Advanced Settings generic via filter on the_content --><!-- AddThis Share Buttons generic via filter on the_content -->","protected":false},"excerpt":{"rendered":"<p>Nesta segunda-feira (18\/07), &agrave;s 10h, o ministro do Trabalho e Emprego, Carlos Lupi, firmar&aacute; termo de compromisso com a prefeitura de Nossa Senhora do Socorro (Sergipe), F&aacute;bio Henrique, com a finalidade de qualificar 2 mil jovens, no &acirc;mbito do Programa Nacional de Inclus&atilde;o de Jovens (Projovem Trabalhador). &Agrave;s 15 horas, firmar&aacute; acordo com o governo&#8230;<!-- AddThis Advanced Settings generic via filter on wp_trim_excerpt --><!-- AddThis Share Buttons generic via filter on wp_trim_excerpt --><\/p>\n","protected":false},"author":17,"featured_media":26518,"comment_status":"open","ping_status":"open","sticky":false,"template":"","format":"standard","meta":{"_monsterinsights_skip_tracking":false,"_monsterinsights_sitenote_active":false,"_monsterinsights_sitenote_note":"","_monsterinsights_sitenote_category":0,"_uf_show_specific_survey":0,"_uf_disable_surveys":false,"footnotes":""},"categories":[1402,1401],"tags":[],"class_list":["post-26517","post","type-post","status-publish","format-standard","has-post-thumbnail","hentry","category-cidades","category-nacional"],"acf":[],"_links":{"self":[{"href":"https:\/\/pdt-rj.org.br\/index.php\/wp-json\/wp\/v2\/posts\/26517","targetHints":{"allow":["GET"]}}],"collection":[{"href":"https:\/\/pdt-rj.org.br\/index.php\/wp-json\/wp\/v2\/posts"}],"about":[{"href":"https:\/\/pdt-rj.org.br\/index.php\/wp-json\/wp\/v2\/types\/post"}],"author":[{"embeddable":true,"href":"https:\/\/pdt-rj.org.br\/index.php\/wp-json\/wp\/v2\/users\/17"}],"replies":[{"embeddable":true,"href":"https:\/\/pdt-rj.org.br\/index.php\/wp-json\/wp\/v2\/comments?post=26517"}],"version-history":[{"count":0,"href":"https:\/\/pdt-rj.org.br\/index.php\/wp-json\/wp\/v2\/posts\/26517\/revisions"}],"wp:featuredmedia":[{"embeddable":true,"href":"https:\/\/pdt-rj.org.br\/index.php\/wp-json\/wp\/v2\/media\/26518"}],"wp:attachment":[{"href":"https:\/\/pdt-rj.org.br\/index.php\/wp-json\/wp\/v2\/media?parent=26517"}],"wp:term":[{"taxonomy":"category","embeddable":true,"href":"https:\/\/pdt-rj.org.br\/index.php\/wp-json\/wp\/v2\/categories?post=26517"},{"taxonomy":"post_tag","embeddable":true,"href":"https:\/\/pdt-rj.org.br\/index.php\/wp-json\/wp\/v2\/tags?post=26517"}],"curies":[{"name":"wp","href":"https:\/\/api.w.org\/{rel}","templated":true}]}}