{"id":26449,"date":"2011-07-14T12:16:01","date_gmt":"2011-07-14T15:16:01","guid":{"rendered":"http:\/\/pdt-rj.org.br\/index.php\/lupi-defende-manutencao-da-politica-de-reajuste-do-salario-minimo-2\/"},"modified":"2011-07-14T12:16:01","modified_gmt":"2011-07-14T15:16:01","slug":"lupi-defende-manutencao-da-politica-de-reajuste-do-salario-minimo-2","status":"publish","type":"post","link":"https:\/\/pdt-rj.org.br\/index.php\/lupi-defende-manutencao-da-politica-de-reajuste-do-salario-minimo-2\/","title":{"rendered":"Lupi defende manuten\u00e7\u00e3o da pol\u00edtica de reajuste do Sal\u00e1rio M\u00ednimo"},"content":{"rendered":"<p>O ministro do Trabalho e Emprego, Carlos Lupi, voltou a defender nesta quarta-feira (13) a pol&iacute;tica de reajuste do sal&aacute;rio m&iacute;nimo adotada pelo Governo Federal desde 2007, que rep&otilde;e as perdas da infla&ccedil;&atilde;o e garante aumento real para o trabalhador, de acordo com o crescimento do Produto Interno Bruto (PIB).<\/p>\n<p>Ao participar da abertura do semin&aacute;rio internacional &ldquo;Copa do Mundo 2014, Jogos Ol&iacute;mpicos 2016 &ndash; Empregos verdes e trabalho decente&rdquo;, realizado em S&atilde;o Paulo (SP), Lupi criticou a tese de que o reajuste do m&iacute;nimo traz grave&nbsp; risco de infla&ccedil;&atilde;o.<\/p>\n<p>&ldquo;O governo est&aacute; atento ao controle da infla&ccedil;&atilde;o, &eacute; claro que isso &eacute; importante, mas essa &eacute; uma tese que j&aacute; se provou errada e que levou o pa&iacute;s ao atraso durante muitos anos. Essa &eacute; uma falsa discuss&atilde;o que n&oacute;s temos de enfrentar&rdquo;, disse. &ldquo;Por que ningu&eacute;m aponta risco de infla&ccedil;&atilde;o quando h&aacute; lucros recordes nas empresas?&rdquo;, comparou?<\/p>\n<p>Para o ministro, o aumento da renda do trabalhador &eacute; um fator-chave para entender o sucesso da economia brasileira.<\/p>\n<p>&ldquo;O ganho real dos sal&aacute;rios levou ao fortalecimento do mercado interno, que foi o grande diferencial do Brasil diante da crise financeira mundial. &Eacute; por causa desse mercado interno forte que geramos mais de um milh&atilde;o de empregos formais nos cinco primeiros meses deste ano&rdquo;, destacou.<\/p>\n<p>F&oacute;rmula &ndash; O c&aacute;lculo do reajuste leva em conta a varia&ccedil;&atilde;o do &Iacute;ndice Nacional de Pre&ccedil;os ao Consumidor (INPC) acumulada nos 12 meses anteriores &agrave; corre&ccedil;&atilde;o, somada &agrave; taxa de crescimento real do Produto Interno Bruto (PIB) de dois anos antes.<\/p>\n<p>Assessoria MTE<\/p>\n<!-- AddThis Advanced Settings generic via filter on the_content --><!-- AddThis Share Buttons generic via filter on the_content -->","protected":false},"excerpt":{"rendered":"<p>O ministro do Trabalho e Emprego, Carlos Lupi, voltou a defender nesta quarta-feira (13) a pol&iacute;tica de reajuste do sal&aacute;rio m&iacute;nimo adotada pelo Governo Federal desde 2007, que rep&otilde;e as perdas da infla&ccedil;&atilde;o e garante aumento real para o trabalhador, de acordo com o crescimento do Produto Interno Bruto (PIB). Ao participar da abertura do&#8230;<!-- AddThis Advanced Settings generic via filter on wp_trim_excerpt --><!-- AddThis Share Buttons generic via filter on wp_trim_excerpt --><\/p>\n","protected":false},"author":17,"featured_media":26450,"comment_status":"open","ping_status":"open","sticky":false,"template":"","format":"standard","meta":{"_monsterinsights_skip_tracking":false,"_monsterinsights_sitenote_active":false,"_monsterinsights_sitenote_note":"","_monsterinsights_sitenote_category":0,"_uf_show_specific_survey":0,"_uf_disable_surveys":false,"footnotes":""},"categories":[1401],"tags":[],"class_list":["post-26449","post","type-post","status-publish","format-standard","has-post-thumbnail","hentry","category-nacional"],"acf":[],"_links":{"self":[{"href":"https:\/\/pdt-rj.org.br\/index.php\/wp-json\/wp\/v2\/posts\/26449","targetHints":{"allow":["GET"]}}],"collection":[{"href":"https:\/\/pdt-rj.org.br\/index.php\/wp-json\/wp\/v2\/posts"}],"about":[{"href":"https:\/\/pdt-rj.org.br\/index.php\/wp-json\/wp\/v2\/types\/post"}],"author":[{"embeddable":true,"href":"https:\/\/pdt-rj.org.br\/index.php\/wp-json\/wp\/v2\/users\/17"}],"replies":[{"embeddable":true,"href":"https:\/\/pdt-rj.org.br\/index.php\/wp-json\/wp\/v2\/comments?post=26449"}],"version-history":[{"count":0,"href":"https:\/\/pdt-rj.org.br\/index.php\/wp-json\/wp\/v2\/posts\/26449\/revisions"}],"wp:featuredmedia":[{"embeddable":true,"href":"https:\/\/pdt-rj.org.br\/index.php\/wp-json\/wp\/v2\/media\/26450"}],"wp:attachment":[{"href":"https:\/\/pdt-rj.org.br\/index.php\/wp-json\/wp\/v2\/media?parent=26449"}],"wp:term":[{"taxonomy":"category","embeddable":true,"href":"https:\/\/pdt-rj.org.br\/index.php\/wp-json\/wp\/v2\/categories?post=26449"},{"taxonomy":"post_tag","embeddable":true,"href":"https:\/\/pdt-rj.org.br\/index.php\/wp-json\/wp\/v2\/tags?post=26449"}],"curies":[{"name":"wp","href":"https:\/\/api.w.org\/{rel}","templated":true}]}}