{"id":25823,"date":"2011-06-21T10:36:58","date_gmt":"2011-06-21T13:36:58","guid":{"rendered":"http:\/\/pdt-rj.org.br\/index.php\/flavia-morais-apoia-convencao-sobre-trabalho-domestico-2\/"},"modified":"2017-10-26T09:08:12","modified_gmt":"2017-10-26T11:08:12","slug":"flavia-morais-apoia-convencao-sobre-trabalho-domestico-2","status":"publish","type":"post","link":"https:\/\/pdt-rj.org.br\/index.php\/flavia-morais-apoia-convencao-sobre-trabalho-domestico-2\/","title":{"rendered":"Fl\u00e1via Morais apoia conven\u00e7\u00e3o sobre trabalho dom\u00e9stico"},"content":{"rendered":"<p>A deputada Fl&aacute;via Morais (PDT-GO) anunciou que vai atuar, junto a outros parlamentares e ao ministro do Trabalho, Carlos Luppi, para que o Brasil seja o primeiro pa&iacute;s a ratificar a recente conven&ccedil;&atilde;o da Organiza&ccedil;&atilde;o Internacional do Trabalho (OIT) sobre o trabalho dom&eacute;stico.<\/p>\n<p class=\"descricao\"> Integrante da Comiss&atilde;o do Trabalho, de Administra&ccedil;&atilde;o e Servi&ccedil;o P&uacute;blico, Fl&aacute;via Morais relatou que esteve, ao lado de outros integrantes da comiss&atilde;o, na 100&ordf; Confer&ecirc;ncia Internacional do Trabalho, ocorrida em Genebra (Su&iacute;&ccedil;a).<\/p>\n<p> O tema trabalho dom&eacute;stico foi discutido exaustivamente, disse ela, o que resultou na aprova&ccedil;&atilde;o da conven&ccedil;&atilde;o, que agora precisa ser ratificada pelos pa&iacute;ses-membros.<\/p>\n<p> &ldquo;A inten&ccedil;&atilde;o da OIT &eacute; promover uma mobiliza&ccedil;&atilde;o mundial em torno do tema&rdquo;, afirmou a deputada. O trabalho dom&eacute;stico, lembrou, &eacute; uma das formas de trabalho mais antigas e hoje envolve 100 milh&otilde;es de pessoas em todo o mundo, sendo 14 milh&otilde;es na Am&eacute;rica Latina e quase 7 milh&otilde;es no Brasil.<\/p>\n<p> &ldquo;&Eacute; uma categoria ainda muito carente de direitos e garantias &#8211; o que motivou o interesse da OIT&rdquo;, disse a deputada. &ldquo;O nosso grande desafio, aqui no Brasil, &eacute; formalizar as mais de 74% de trabalhadoras dom&eacute;sticas que est&atilde;o na informalidade&rdquo;, acrescentou Fl&aacute;via Morais, explicando que faz quest&atilde;o de falar no feminino porque na grande maioria os trabalhadores dom&eacute;sticos s&atilde;o mulheres.<\/p>\n<!-- AddThis Advanced Settings generic via filter on the_content --><!-- AddThis Share Buttons generic via filter on the_content -->","protected":false},"excerpt":{"rendered":"<p>A deputada Fl&aacute;via Morais (PDT-GO) anunciou que vai atuar, junto a outros parlamentares e ao ministro do Trabalho, Carlos Luppi, para que o Brasil seja o primeiro pa&iacute;s a ratificar a recente conven&ccedil;&atilde;o da Organiza&ccedil;&atilde;o Internacional do Trabalho (OIT) sobre o trabalho dom&eacute;stico. Integrante da Comiss&atilde;o do Trabalho, de Administra&ccedil;&atilde;o e Servi&ccedil;o P&uacute;blico, Fl&aacute;via Morais&#8230;<!-- AddThis Advanced Settings generic via filter on wp_trim_excerpt --><!-- AddThis Share Buttons generic via filter on wp_trim_excerpt --><\/p>\n","protected":false},"author":17,"featured_media":25824,"comment_status":"open","ping_status":"open","sticky":false,"template":"","format":"standard","meta":{"_monsterinsights_skip_tracking":false,"_monsterinsights_sitenote_active":false,"_monsterinsights_sitenote_note":"","_monsterinsights_sitenote_category":0,"_uf_show_specific_survey":0,"_uf_disable_surveys":false,"footnotes":""},"categories":[1459,976],"tags":[],"class_list":["post-25823","post","type-post","status-publish","format-standard","has-post-thumbnail","hentry","category-congresso","category-noticias-em-destaque"],"acf":[],"_links":{"self":[{"href":"https:\/\/pdt-rj.org.br\/index.php\/wp-json\/wp\/v2\/posts\/25823","targetHints":{"allow":["GET"]}}],"collection":[{"href":"https:\/\/pdt-rj.org.br\/index.php\/wp-json\/wp\/v2\/posts"}],"about":[{"href":"https:\/\/pdt-rj.org.br\/index.php\/wp-json\/wp\/v2\/types\/post"}],"author":[{"embeddable":true,"href":"https:\/\/pdt-rj.org.br\/index.php\/wp-json\/wp\/v2\/users\/17"}],"replies":[{"embeddable":true,"href":"https:\/\/pdt-rj.org.br\/index.php\/wp-json\/wp\/v2\/comments?post=25823"}],"version-history":[{"count":1,"href":"https:\/\/pdt-rj.org.br\/index.php\/wp-json\/wp\/v2\/posts\/25823\/revisions"}],"predecessor-version":[{"id":56420,"href":"https:\/\/pdt-rj.org.br\/index.php\/wp-json\/wp\/v2\/posts\/25823\/revisions\/56420"}],"wp:featuredmedia":[{"embeddable":true,"href":"https:\/\/pdt-rj.org.br\/index.php\/wp-json\/wp\/v2\/media\/25824"}],"wp:attachment":[{"href":"https:\/\/pdt-rj.org.br\/index.php\/wp-json\/wp\/v2\/media?parent=25823"}],"wp:term":[{"taxonomy":"category","embeddable":true,"href":"https:\/\/pdt-rj.org.br\/index.php\/wp-json\/wp\/v2\/categories?post=25823"},{"taxonomy":"post_tag","embeddable":true,"href":"https:\/\/pdt-rj.org.br\/index.php\/wp-json\/wp\/v2\/tags?post=25823"}],"curies":[{"name":"wp","href":"https:\/\/api.w.org\/{rel}","templated":true}]}}