{"id":24563,"date":"2011-05-11T17:34:21","date_gmt":"2011-05-11T20:34:21","guid":{"rendered":"http:\/\/pdt-rj.org.br\/index.php\/lupi-mantem-previsao-de-criacao-de-3-milhoes-de-empregos-em-2011-2\/"},"modified":"2011-05-11T17:34:21","modified_gmt":"2011-05-11T20:34:21","slug":"lupi-mantem-previsao-de-criacao-de-3-milhoes-de-empregos-em-2011-2","status":"publish","type":"post","link":"https:\/\/pdt-rj.org.br\/index.php\/lupi-mantem-previsao-de-criacao-de-3-milhoes-de-empregos-em-2011-2\/","title":{"rendered":"Lupi mant\u00e9m previs\u00e3o de cria\u00e7\u00e3o de 3 milh\u00f5es de empregos em 2011"},"content":{"rendered":"<p style=\"margin: 0px 0px 1em;padding: 0px;font-family: Georgia,'Times New Roman',Times,serif;font-size: 16px;color: #464646;line-height: normal\">O ministro do Trabalho, Carlos Lupi, manteve hoje sua proje&ccedil;&atilde;o de que o mercado de trabalho brasileiro gerar&aacute; 3 milh&otilde;es de empregos com carteira assinada este ano. H&aacute; uns 15 dias, o ministro da Fazenda, Guido Mantega, avaliou que a cria&ccedil;&atilde;o de empregos em 2011 n&atilde;o seria t&atilde;o exuberante quanto no ano passado.<\/p>\n<p style=\"margin: 0px 0px 1em;padding: 0px;font-family: Georgia,'Times New Roman',Times,serif;font-size: 16px;color: #464646;line-height: normal\">Em 2010, quando a economia estava a pleno vapor, foram gerados 2,861 milh&otilde;es de postos de trabalho, conforme dados atualizados h&aacute; pouco pelo Minist&eacute;rio. Os n&uacute;meros levam em conta a Consolida&ccedil;&atilde;o das Leis Trabalhistas (CLT) e o funcionalismo p&uacute;blico.<\/p>\n<p style=\"margin: 0px 0px 1em;padding: 0px;font-family: Georgia,'Times New Roman',Times,serif;font-size: 16px;color: #464646;line-height: normal\">&#8220;Vamos aguardar o final do ano&#8221;, disse Lupi. &#8220;Mantenho a proje&ccedil;&atilde;o de cria&ccedil;&atilde;o de 3 milh&otilde;es de empregos formais em 2011&#8221;, refor&ccedil;ou. Segundo ele, o melhor &eacute; aguardar os dados para n&atilde;o entrar em &#8220;diverg&ecirc;ncia&#8221; com outros titulares de minist&eacute;rios do governo.<\/p>\n<p style=\"margin: 0px 0px 1em;padding: 0px;font-family: Georgia,'Times New Roman',Times,serif;font-size: 16px;color: #464646;line-height: normal\"><strong>Abril<\/strong><\/p>\n<p style=\"margin: 0px 0px 1em;padding: 0px;font-family: Georgia,'Times New Roman',Times,serif;font-size: 16px;color: #464646;line-height: normal\">O ministro antecipou mais detalhes a respeito dos n&uacute;meros do Caged de abril, que dever&aacute; ser divulgado na pr&oacute;xima ter&ccedil;a-feira. Segundo ele, os dados obtidos at&eacute; o momento ainda n&atilde;o chegaram a 250 mil, mas o ministro disse acreditar que o resultado voltar&aacute; ao patamar de meses de abril com a inclus&atilde;o de informa&ccedil;&otilde;es que ainda chegam ao Minist&eacute;rio.<\/p>\n<p style=\"margin: 0px 0px 1em;padding: 0px;font-family: Georgia,'Times New Roman',Times,serif;font-size: 16px;color: #464646;line-height: normal\">O melhor abril desde 2005 foi verificado no ano passado, quando se chegou a um saldo de 346 mil postos de trabalho criados com carteira assinada, j&aacute; descontadas as demiss&otilde;es. Mais cedo, a assessoria de imprensa do Minist&eacute;rio havia informado que o melhor saldo foi realmente em abril de 2010, mas de um total de 305 mil. O pior resultado para o m&ecirc;s em quest&atilde;o nos &uacute;ltimos anos foi visto em 2009, de 141 mil novos postos formais. Naquele ano, a economia brasileira sofreu impacto da crise financeira internacional.<\/p>\n<p style=\"margin: 0px 0px 1em;padding: 0px;font-family: Georgia,'Times New Roman',Times,serif;font-size: 16px;color: #464646;line-height: normal\">O ministro afirmou que o n&uacute;mero do Caged de abril &#8220;ser&aacute; muito bom&#8221;. &#8220;Ser&aacute; muito pr&oacute;ximo a recorde&#8221;, disse, acrescentando que n&atilde;o anteciparia o indicador porque os dados consolidados ficar&atilde;o prontos apenas na pr&oacute;xima semana.<\/p>\n<p>Estad\u00e3o<\/p>\n<!-- AddThis Advanced Settings generic via filter on the_content --><!-- AddThis Share Buttons generic via filter on the_content -->","protected":false},"excerpt":{"rendered":"<p>O ministro do Trabalho, Carlos Lupi, manteve hoje sua proje&ccedil;&atilde;o de que o mercado de trabalho brasileiro gerar&aacute; 3 milh&otilde;es de empregos com carteira assinada este ano. H&aacute; uns 15 dias, o ministro da Fazenda, Guido Mantega, avaliou que a cria&ccedil;&atilde;o de empregos em 2011 n&atilde;o seria t&atilde;o exuberante quanto no ano passado. Em 2010,&#8230;<!-- AddThis Advanced Settings generic via filter on wp_trim_excerpt --><!-- AddThis Share Buttons generic via filter on wp_trim_excerpt --><\/p>\n","protected":false},"author":17,"featured_media":24564,"comment_status":"open","ping_status":"open","sticky":false,"template":"","format":"standard","meta":{"_monsterinsights_skip_tracking":false,"_monsterinsights_sitenote_active":false,"_monsterinsights_sitenote_note":"","_monsterinsights_sitenote_category":0,"_uf_show_specific_survey":0,"_uf_disable_surveys":false,"footnotes":""},"categories":[1401],"tags":[196,38],"class_list":["post-24563","post","type-post","status-publish","format-standard","has-post-thumbnail","hentry","category-nacional","tag-carlos-lupi","tag-pdt"],"acf":[],"_links":{"self":[{"href":"https:\/\/pdt-rj.org.br\/index.php\/wp-json\/wp\/v2\/posts\/24563","targetHints":{"allow":["GET"]}}],"collection":[{"href":"https:\/\/pdt-rj.org.br\/index.php\/wp-json\/wp\/v2\/posts"}],"about":[{"href":"https:\/\/pdt-rj.org.br\/index.php\/wp-json\/wp\/v2\/types\/post"}],"author":[{"embeddable":true,"href":"https:\/\/pdt-rj.org.br\/index.php\/wp-json\/wp\/v2\/users\/17"}],"replies":[{"embeddable":true,"href":"https:\/\/pdt-rj.org.br\/index.php\/wp-json\/wp\/v2\/comments?post=24563"}],"version-history":[{"count":0,"href":"https:\/\/pdt-rj.org.br\/index.php\/wp-json\/wp\/v2\/posts\/24563\/revisions"}],"wp:featuredmedia":[{"embeddable":true,"href":"https:\/\/pdt-rj.org.br\/index.php\/wp-json\/wp\/v2\/media\/24564"}],"wp:attachment":[{"href":"https:\/\/pdt-rj.org.br\/index.php\/wp-json\/wp\/v2\/media?parent=24563"}],"wp:term":[{"taxonomy":"category","embeddable":true,"href":"https:\/\/pdt-rj.org.br\/index.php\/wp-json\/wp\/v2\/categories?post=24563"},{"taxonomy":"post_tag","embeddable":true,"href":"https:\/\/pdt-rj.org.br\/index.php\/wp-json\/wp\/v2\/tags?post=24563"}],"curies":[{"name":"wp","href":"https:\/\/api.w.org\/{rel}","templated":true}]}}