{"id":24389,"date":"2011-05-05T14:37:15","date_gmt":"2011-05-05T17:37:15","guid":{"rendered":"http:\/\/pdt-rj.org.br\/index.php\/ministro-lupi-abre-em-guarulhos-o-periodo-de-convencoes-municipais-do-pdt-sp\/"},"modified":"2011-05-05T14:37:15","modified_gmt":"2011-05-05T17:37:15","slug":"ministro-lupi-abre-em-guarulhos-o-periodo-de-convencoes-municipais-do-pdt-sp","status":"publish","type":"post","link":"https:\/\/pdt-rj.org.br\/index.php\/ministro-lupi-abre-em-guarulhos-o-periodo-de-convencoes-municipais-do-pdt-sp\/","title":{"rendered":"Ministro Lupi abre em Guarulhos o per\u00edodo de Conven\u00e7\u00f5es Municipais do PDT-SP"},"content":{"rendered":"<p>O PDT de Guarulhos realizou, no &uacute;ltimo s&aacute;bado, sua  Conven&ccedil;&atilde;o Municipal, que contou com a presen&ccedil;a do presidente estadual do  Partido, deputado federal Paulinho da For&ccedil;a, e do presidente nacional,  ministro Carlos Lupi.<\/p>\n<p>Foi de grande  import&acirc;ncia a presen&ccedil;a do ministro Lupi, que fez quest&atilde;o de estar  presente em Guarulhos para abrir o per&iacute;odo de Conven&ccedil;&otilde;es do PDT  Estadual, que realizar&aacute; cerca de 150 conven&ccedil;&otilde;es municipais no Estado at&eacute;  o final de junho, dando mostra da for&ccedil;a e da organiza&ccedil;&atilde;o do PDT  paulista.<\/p>\n<p>Al&eacute;m de Paulinho e Lupi, estiveram  presentes o prefeito de Guarulhos, Sebasti&atilde;o Almeida (PT); o deputado  estadual Alencar Santana (PT); os dirigentes do PDT-SP Jos&eacute; Gaspar  Ferraz de Campos, vereador Claudio Prado e Cristiano Vilela; al&eacute;m de  importantes nomes do PDT de Guarulhos, como o presidente Jos&eacute; Pereira  dos Santos, o presidente eleito Prof. Armando Mattos, Sandra Santos,  Maur&iacute;cio Siqueira, Abdo Mazloum, Bod&atilde;o, Francisco Barros (Chiquinho) e  Amauri Rodrigues, presidente do Sindicato dos Vigilantes, entre outros.<\/p>\n<div class=\"mosimage\">O  presidente do PDT-SP, deputado federal Paulo Pereira da Silva, o  Paulinho, fez quest&atilde;o de ir at&eacute; Guarulhos parabenizar o presidente do  PDT daquela cidade, Jos&eacute; Pereira dos Santos, pelo trabalho partid&aacute;rio  realizado, e oferecer o seu apoio e os votos de um bom trabalho ao novo  presidente do Diret&oacute;rio Municipal, Professor Armando Mattos<\/div>\n<p>O  presidente do PDT de Guarulhos Jos&eacute; Pereira dos Santos transmitiu o  cargo ao Professor Armando Mattos, eleito em Chapa &Uacute;nica, com a  incumb&ecirc;ncia de continuar o crescimento do Partido na cidade. Hoje, o PDT  j&aacute; conta com uma boa chapa de pr&eacute;-candidatos a vereador nas pr&oacute;ximas  elei&ccedil;&otilde;es, e as expectativas s&atilde;o de eleger pelo menos tr&ecirc;s cadeiras no  Legislativo guarulhense.<\/p>\n<p>A Conven&ccedil;&atilde;o, que foi  aberta pelo deputado Paulinho da For&ccedil;a, demonstrou o grande  fortalecimento do PDT de Guarulhos e debateu temas hist&oacute;ricos, como a  Comemora&ccedil;&atilde;o dos 50 anos da Campanha da Legalidade e da luta contra o  regime militar no Pa&iacute;s.<\/p>\n<p>Jos&eacute; Gaspar, em seu  pronunciamento, fez quest&atilde;o de ressaltar a import&acirc;ncia hist&oacute;rica da luta  contra a ditadura e o papel das Igrejas, atrav&eacute;s das figuras de D.  Paulo Evaristo Arns, Henri Sobel e do Pastor Manoel de Melo. O deputado  Alencar Santana ressaltou a import&acirc;ncia da Comiss&atilde;o da Verdade e a  hist&oacute;ria de lutas do PDT em defesa da democracia e da liberdade.<\/p>\n<p>O  vereador Cl&aacute;udio Prado frisou o grande papel de Pereira na condu&ccedil;&atilde;o do  Partido, e o prefeito Sebasti&atilde;o Almeida ressaltou que o PDT de Guarulhos  cresceu muito sob o comando de Pereira, e certamente ter&aacute; bons frutos  nas elei&ccedil;&otilde;es de 2012.<\/p>\n<p>O ministro Carlos Lupi  engrandeceu o trabalho de Pereira &agrave; frente do PDT de Guarulhos,  ressaltando a import&acirc;ncia da realiza&ccedil;&atilde;o da Conven&ccedil;&atilde;o Municipal e a  organiza&ccedil;&atilde;o do PDT Municipal, e fez quest&atilde;o de vir a S&atilde;o Paulo abrir o  per&iacute;odo de Conven&ccedil;&otilde;es do PDT Paulista.<\/p>\n<div class=\"mosimage\"><\/p>\n<div class=\"mosimage_caption\"><\/div>\n<\/div>\n<p>&nbsp;<\/p>\n<p>www.pdtsp.org.br<\/p>\n<!-- AddThis Advanced Settings generic via filter on the_content --><!-- AddThis Share Buttons generic via filter on the_content -->","protected":false},"excerpt":{"rendered":"<p>O PDT de Guarulhos realizou, no &uacute;ltimo s&aacute;bado, sua Conven&ccedil;&atilde;o Municipal, que contou com a presen&ccedil;a do presidente estadual do Partido, deputado federal Paulinho da For&ccedil;a, e do presidente nacional, ministro Carlos Lupi. Foi de grande import&acirc;ncia a presen&ccedil;a do ministro Lupi, que fez quest&atilde;o de estar presente em Guarulhos para abrir o per&iacute;odo de&#8230;<!-- AddThis Advanced Settings generic via filter on wp_trim_excerpt --><!-- AddThis Share Buttons generic via filter on wp_trim_excerpt --><\/p>\n","protected":false},"author":17,"featured_media":24390,"comment_status":"open","ping_status":"open","sticky":false,"template":"","format":"standard","meta":{"_monsterinsights_skip_tracking":false,"_monsterinsights_sitenote_active":false,"_monsterinsights_sitenote_note":"","_monsterinsights_sitenote_category":0,"_uf_show_specific_survey":0,"_uf_disable_surveys":false,"footnotes":""},"categories":[1402,1401],"tags":[196,38],"class_list":["post-24389","post","type-post","status-publish","format-standard","has-post-thumbnail","hentry","category-cidades","category-nacional","tag-carlos-lupi","tag-pdt"],"acf":[],"_links":{"self":[{"href":"https:\/\/pdt-rj.org.br\/index.php\/wp-json\/wp\/v2\/posts\/24389","targetHints":{"allow":["GET"]}}],"collection":[{"href":"https:\/\/pdt-rj.org.br\/index.php\/wp-json\/wp\/v2\/posts"}],"about":[{"href":"https:\/\/pdt-rj.org.br\/index.php\/wp-json\/wp\/v2\/types\/post"}],"author":[{"embeddable":true,"href":"https:\/\/pdt-rj.org.br\/index.php\/wp-json\/wp\/v2\/users\/17"}],"replies":[{"embeddable":true,"href":"https:\/\/pdt-rj.org.br\/index.php\/wp-json\/wp\/v2\/comments?post=24389"}],"version-history":[{"count":0,"href":"https:\/\/pdt-rj.org.br\/index.php\/wp-json\/wp\/v2\/posts\/24389\/revisions"}],"wp:featuredmedia":[{"embeddable":true,"href":"https:\/\/pdt-rj.org.br\/index.php\/wp-json\/wp\/v2\/media\/24390"}],"wp:attachment":[{"href":"https:\/\/pdt-rj.org.br\/index.php\/wp-json\/wp\/v2\/media?parent=24389"}],"wp:term":[{"taxonomy":"category","embeddable":true,"href":"https:\/\/pdt-rj.org.br\/index.php\/wp-json\/wp\/v2\/categories?post=24389"},{"taxonomy":"post_tag","embeddable":true,"href":"https:\/\/pdt-rj.org.br\/index.php\/wp-json\/wp\/v2\/tags?post=24389"}],"curies":[{"name":"wp","href":"https:\/\/api.w.org\/{rel}","templated":true}]}}