{"id":22237,"date":"2011-03-03T18:11:10","date_gmt":"2011-03-03T21:11:10","guid":{"rendered":"http:\/\/pdt-rj.org.br\/index.php\/andre-figueiredo-defende-pdt-e-lupi-na-camara-veja-o-video\/"},"modified":"2011-03-03T18:11:10","modified_gmt":"2011-03-03T21:11:10","slug":"andre-figueiredo-defende-pdt-e-lupi-na-camara-veja-o-video","status":"publish","type":"post","link":"https:\/\/pdt-rj.org.br\/index.php\/andre-figueiredo-defende-pdt-e-lupi-na-camara-veja-o-video\/","title":{"rendered":"Andr\u00e9 Figueiredo defende PDT e Lupi na C\u00e2mara, veja o v\u00eddeo"},"content":{"rendered":"<p>O deputado federal Andr&eacute; Figueiredo (PDT-CE) usou hoje (03\/03) a tribuna da C&acirc;mara para<br \/> defender o ministro Carlos Lupi e o PDT dos ataques que v&ecirc;m sofrendo nos &uacute;ltimos dias pela imprensa de Bras&iacute;lia.<\/p>\n<p>O deputado fez quest&atilde;o de criticar o fato da imprensa utilizar mat&eacute;rias requentadas &nbsp;de um conv&ecirc;nio firmado pelo Minist&eacute;rio do Trabalho no estado de Goi&aacute;s, &ldquo;sobre o qual n&atilde;o se encontrou absolutamente nada de equivocado ou anti&eacute;tico. O intuito &eacute; o de atingir o ministro Carlos Lupi&rdquo;, esclareceu Andr&eacute;, dizendo que o PDT est&aacute; com Dilma n&atilde;o por causa&nbsp;de um &nbsp;Minist&eacute;rio, mas &ldquo;porque ainda acredita na causa que ela defende&rdquo;.<\/p>\n<p>Acompanhe abaixo o pronunciamento de Andr&eacute; gravado pela TV C&acirc;mara, nesta quinta (03\/03).<\/p>\n<p>&nbsp;<\/p>\n<p>&nbsp;<\/p><\/p>\n<!-- AddThis Advanced Settings generic via filter on the_content --><!-- AddThis Share Buttons generic via filter on the_content -->","protected":false},"excerpt":{"rendered":"<p>O deputado federal Andr&eacute; Figueiredo (PDT-CE) usou hoje (03\/03) a tribuna da C&acirc;mara para defender o ministro Carlos Lupi e o PDT dos ataques que v&ecirc;m sofrendo nos &uacute;ltimos dias pela imprensa de Bras&iacute;lia. O deputado fez quest&atilde;o de criticar o fato da imprensa utilizar mat&eacute;rias requentadas &nbsp;de um conv&ecirc;nio firmado pelo Minist&eacute;rio do Trabalho&#8230;<!-- AddThis Advanced Settings generic via filter on wp_trim_excerpt --><!-- AddThis Share Buttons generic via filter on wp_trim_excerpt --><\/p>\n","protected":false},"author":17,"featured_media":22238,"comment_status":"open","ping_status":"open","sticky":false,"template":"","format":"standard","meta":{"_monsterinsights_skip_tracking":false,"_monsterinsights_sitenote_active":false,"_monsterinsights_sitenote_note":"","_monsterinsights_sitenote_category":0,"_uf_show_specific_survey":0,"_uf_disable_surveys":false,"footnotes":""},"categories":[1459,1401],"tags":[34,1480,196,38],"class_list":["post-22237","post","type-post","status-publish","format-standard","has-post-thumbnail","hentry","category-congresso","category-nacional","tag-andre-figueiredo","tag-camara-federal","tag-carlos-lupi","tag-pdt"],"acf":[],"_links":{"self":[{"href":"https:\/\/pdt-rj.org.br\/index.php\/wp-json\/wp\/v2\/posts\/22237","targetHints":{"allow":["GET"]}}],"collection":[{"href":"https:\/\/pdt-rj.org.br\/index.php\/wp-json\/wp\/v2\/posts"}],"about":[{"href":"https:\/\/pdt-rj.org.br\/index.php\/wp-json\/wp\/v2\/types\/post"}],"author":[{"embeddable":true,"href":"https:\/\/pdt-rj.org.br\/index.php\/wp-json\/wp\/v2\/users\/17"}],"replies":[{"embeddable":true,"href":"https:\/\/pdt-rj.org.br\/index.php\/wp-json\/wp\/v2\/comments?post=22237"}],"version-history":[{"count":0,"href":"https:\/\/pdt-rj.org.br\/index.php\/wp-json\/wp\/v2\/posts\/22237\/revisions"}],"wp:featuredmedia":[{"embeddable":true,"href":"https:\/\/pdt-rj.org.br\/index.php\/wp-json\/wp\/v2\/media\/22238"}],"wp:attachment":[{"href":"https:\/\/pdt-rj.org.br\/index.php\/wp-json\/wp\/v2\/media?parent=22237"}],"wp:term":[{"taxonomy":"category","embeddable":true,"href":"https:\/\/pdt-rj.org.br\/index.php\/wp-json\/wp\/v2\/categories?post=22237"},{"taxonomy":"post_tag","embeddable":true,"href":"https:\/\/pdt-rj.org.br\/index.php\/wp-json\/wp\/v2\/tags?post=22237"}],"curies":[{"name":"wp","href":"https:\/\/api.w.org\/{rel}","templated":true}]}}