{"id":22189,"date":"2011-03-02T16:45:53","date_gmt":"2011-03-02T19:45:53","guid":{"rendered":"http:\/\/pdt-rj.org.br\/index.php\/lupi-minimiza-paulinho-e-reforca-alianca-apos-reuniao-sem-pdt\/"},"modified":"2011-03-02T16:45:53","modified_gmt":"2011-03-02T19:45:53","slug":"lupi-minimiza-paulinho-e-reforca-alianca-apos-reuniao-sem-pdt","status":"publish","type":"post","link":"https:\/\/pdt-rj.org.br\/index.php\/lupi-minimiza-paulinho-e-reforca-alianca-apos-reuniao-sem-pdt\/","title":{"rendered":"Lupi minimiza Paulinho e refor\u00e7a alian\u00e7a ap\u00f3s reuni\u00e3o sem PDT"},"content":{"rendered":"<p>O ministro do Trabalho, Carlos Lupi (PDT), minimizou as declara&ccedil;&otilde;es do deputado e colega de partido Paulo Pereira da Silva (SP), que afirmou que as centrais sindicais est&atilde;o &#8220;de saco cheio do PT&#8221;. A&nbsp;<strong>Terra Magazine<\/strong>, Lupi sustentou a alian&ccedil;a da legenda com o governo mesmo depois que o PDT foi exclu&iacute;do de uma reuni&atilde;o de l&iacute;deres aliados com a presidente Dilma nesta quarta-feira (2).<\/p>\n<p>-Isso &eacute; uma quest&atilde;o moment&acirc;nea, a gente j&aacute; superou muitas outras dificuldades partid&aacute;rias. A convoca&ccedil;&atilde;o ou n&atilde;o convoca&ccedil;&atilde;o n&atilde;o nos impede de estar apoiando o projeto do governo &#8211; afirma Lupi.<\/p>\n<p>terramagazine.terra.com.br<\/p>\n<!-- AddThis Advanced Settings generic via filter on the_content --><!-- AddThis Share Buttons generic via filter on the_content -->","protected":false},"excerpt":{"rendered":"<p>O ministro do Trabalho, Carlos Lupi (PDT), minimizou as declara&ccedil;&otilde;es do deputado e colega de partido Paulo Pereira da Silva (SP), que afirmou que as centrais sindicais est&atilde;o &#8220;de saco cheio do PT&#8221;. A&nbsp;Terra Magazine, Lupi sustentou a alian&ccedil;a da legenda com o governo mesmo depois que o PDT foi exclu&iacute;do de uma reuni&atilde;o de&#8230;<!-- AddThis Advanced Settings generic via filter on wp_trim_excerpt --><!-- AddThis Share Buttons generic via filter on wp_trim_excerpt --><\/p>\n","protected":false},"author":17,"featured_media":22190,"comment_status":"open","ping_status":"open","sticky":false,"template":"","format":"standard","meta":{"_monsterinsights_skip_tracking":false,"_monsterinsights_sitenote_active":false,"_monsterinsights_sitenote_note":"","_monsterinsights_sitenote_category":0,"_uf_show_specific_survey":0,"_uf_disable_surveys":false,"footnotes":""},"categories":[1401],"tags":[196,38],"class_list":["post-22189","post","type-post","status-publish","format-standard","has-post-thumbnail","hentry","category-nacional","tag-carlos-lupi","tag-pdt"],"acf":[],"_links":{"self":[{"href":"https:\/\/pdt-rj.org.br\/index.php\/wp-json\/wp\/v2\/posts\/22189","targetHints":{"allow":["GET"]}}],"collection":[{"href":"https:\/\/pdt-rj.org.br\/index.php\/wp-json\/wp\/v2\/posts"}],"about":[{"href":"https:\/\/pdt-rj.org.br\/index.php\/wp-json\/wp\/v2\/types\/post"}],"author":[{"embeddable":true,"href":"https:\/\/pdt-rj.org.br\/index.php\/wp-json\/wp\/v2\/users\/17"}],"replies":[{"embeddable":true,"href":"https:\/\/pdt-rj.org.br\/index.php\/wp-json\/wp\/v2\/comments?post=22189"}],"version-history":[{"count":0,"href":"https:\/\/pdt-rj.org.br\/index.php\/wp-json\/wp\/v2\/posts\/22189\/revisions"}],"wp:featuredmedia":[{"embeddable":true,"href":"https:\/\/pdt-rj.org.br\/index.php\/wp-json\/wp\/v2\/media\/22190"}],"wp:attachment":[{"href":"https:\/\/pdt-rj.org.br\/index.php\/wp-json\/wp\/v2\/media?parent=22189"}],"wp:term":[{"taxonomy":"category","embeddable":true,"href":"https:\/\/pdt-rj.org.br\/index.php\/wp-json\/wp\/v2\/categories?post=22189"},{"taxonomy":"post_tag","embeddable":true,"href":"https:\/\/pdt-rj.org.br\/index.php\/wp-json\/wp\/v2\/tags?post=22189"}],"curies":[{"name":"wp","href":"https:\/\/api.w.org\/{rel}","templated":true}]}}