{"id":22177,"date":"2011-03-02T15:00:17","date_gmt":"2011-03-02T18:00:17","guid":{"rendered":"http:\/\/pdt-rj.org.br\/index.php\/pedro-taques-e-dilemario-apresentam-a-lupi-programas-de-qualificacao-em-mt-2\/"},"modified":"2011-03-02T15:00:17","modified_gmt":"2011-03-02T18:00:17","slug":"pedro-taques-e-dilemario-apresentam-a-lupi-programas-de-qualificacao-em-mt-2","status":"publish","type":"post","link":"https:\/\/pdt-rj.org.br\/index.php\/pedro-taques-e-dilemario-apresentam-a-lupi-programas-de-qualificacao-em-mt-2\/","title":{"rendered":"Pedro Taques e Dilem\u00e1rio apresentam a Lupi programas de qualifica\u00e7\u00e3o em MT"},"content":{"rendered":"<p>&nbsp;O senador Pedro Taques (PDT\/MT) intermediou na noite dessa ter&ccedil;a (1) reuni&atilde;o entre o secret&aacute;rio de Trabalho e Desenvolvimento Econ&ocirc;mico (SMTDE) de Cuiab&aacute;, Dilem&aacute;rio Alencar e o ministro do Trabalho, Carlos Lupi.<\/p>\n<p>&nbsp;<\/p>\n<p>No encontro os representantes de Mato Grosso apresentaram o Programa Municipal de Educa&ccedil;&atilde;o S&oacute;cio-Profissional, o Qualifica Cuiab&aacute;, e o projeto de implanta&ccedil;&atilde;o do Centro de Apoio ao Trabalhador (CAT).<\/p>\n<p>&nbsp;<\/p>\n<p>O objetivo foi&nbsp; garantir a disponibiliza&ccedil;&atilde;o de recursos para a implementa&ccedil;&atilde;o dos projetos na Capital.&ldquo;O ministro acatou a ideia e garantiu que concentrar&aacute; esfor&ccedil;os para a concretiza&ccedil;&atilde;o dos projetos&rdquo;, explicou Pedro Taques no final da reuni&atilde;o.<\/p>\n<p>&nbsp;<\/p>\n<p>O programa Qualifica Cuiab&aacute; a ser executado pela Secretaria de Trabalho e Desenvolvimento Econ&ocirc;mico (SMTDE), tem como objetivo melhorar o perfil para a empregabilidade e apoiar a iniciativas empreendedoras com vistas &agrave; gera&ccedil;&atilde;o de emprego e renda.<\/p>\n<p>&nbsp;<\/p>\n<p>O CAT &eacute; um espa&ccedil;o destinado &agrave; popula&ccedil;&atilde;o cuiabana que busca orienta&ccedil;&atilde;o e servi&ccedil;os na &aacute;rea do trabalho.&nbsp; um dos objetivos &eacute; contribuir para a valoriza&ccedil;&atilde;o profissional do trabalhador.<\/p>\n<p>&nbsp;<\/p>\n<p>Por meio do projeto, cerca de tr&ecirc;s mil jovens e adultos dever&atilde;o ser capacitados ainda este ano em Cuiab&aacute;.&nbsp; Para Pedro Taques, o projeto n&atilde;o visa apenas a Copa do Mundo que ser&aacute; realizada em Cuiab&aacute;, em 2014, mas sim a gera&ccedil;&atilde;o de empregos e renda para a popula&ccedil;&atilde;o matogrossense.<\/p>\n<p>&nbsp;<\/p>\n<p>O secret&aacute;rio Dilem&aacute;rio Alencar agradeceu o apoio do senador Pedro Taques pela intermedia&ccedil;&atilde;o entre a Secretaria e o Minist&eacute;rio. Na avalia&ccedil;&atilde;o do secret&aacute;rio, a apresenta&ccedil;&atilde;o das propostas ao Minist&eacute;rio do Trabalho sinaliza que Cuiab&aacute; quer ter uma pol&iacute;tica permanente de qualifica&ccedil;&atilde;o profissional e intermedia&ccedil;&atilde;o de m&atilde;o-de-obra.<\/p>\n<p>&nbsp;<\/p>\n<p>&ldquo;A iniciativa pode garantir a gera&ccedil;&atilde;o de emprego e renda para a popula&ccedil;&atilde;o matogrossense&rdquo;, afirma o secret&aacute;rio.<\/p>\n<p>&nbsp;<\/p>\n<p>Segundo Alencar, o ministro foi bastante receptivo e determinou ao secretario nacional de Pol&iacute;ticas Publicas de Emprego, Carlos Simi, o encaminhamento dos projetos. O ministro foi convidado para participar da inaugura&ccedil;&atilde;o do CAT, que dever&aacute; ser realizada at&eacute; junho deste ano.<\/p>\n<p>&nbsp;<\/p>\n<p>Alencar revelou que Carlos Lupi reconheceu que Cuiab&aacute; foi a cidade que mais cresceu no pa&iacute;s nos &uacute;ltimos anos e que &eacute; necess&aacute;rio uma pol&iacute;tica permanente de qualifica&ccedil;&atilde;o para dar sustenta&ccedil;&atilde;o a esse desenvolvimento.<\/p>\n<p>&nbsp;<\/p>\n<p>&ldquo;O ministro disse que vai priorizar recursos para qualifica&ccedil;&atilde;o de trabalhadores em diversas &aacute;reas, principalmente, para as capitais sedes da Copa Mundo&rdquo;, disse o secret&aacute;rio.<\/p>\n<!-- AddThis Advanced Settings generic via filter on the_content --><!-- AddThis Share Buttons generic via filter on the_content -->","protected":false},"excerpt":{"rendered":"<p>&nbsp;O senador Pedro Taques (PDT\/MT) intermediou na noite dessa ter&ccedil;a (1) reuni&atilde;o entre o secret&aacute;rio de Trabalho e Desenvolvimento Econ&ocirc;mico (SMTDE) de Cuiab&aacute;, Dilem&aacute;rio Alencar e o ministro do Trabalho, Carlos Lupi. &nbsp; No encontro os representantes de Mato Grosso apresentaram o Programa Municipal de Educa&ccedil;&atilde;o S&oacute;cio-Profissional, o Qualifica Cuiab&aacute;, e o projeto de implanta&ccedil;&atilde;o&#8230;<!-- AddThis Advanced Settings generic via filter on wp_trim_excerpt --><!-- AddThis Share Buttons generic via filter on wp_trim_excerpt --><\/p>\n","protected":false},"author":17,"featured_media":22178,"comment_status":"open","ping_status":"open","sticky":false,"template":"","format":"standard","meta":{"_monsterinsights_skip_tracking":false,"_monsterinsights_sitenote_active":false,"_monsterinsights_sitenote_note":"","_monsterinsights_sitenote_category":0,"_uf_show_specific_survey":0,"_uf_disable_surveys":false,"footnotes":""},"categories":[1402,1401],"tags":[196,38],"class_list":["post-22177","post","type-post","status-publish","format-standard","has-post-thumbnail","hentry","category-cidades","category-nacional","tag-carlos-lupi","tag-pdt"],"acf":[],"_links":{"self":[{"href":"https:\/\/pdt-rj.org.br\/index.php\/wp-json\/wp\/v2\/posts\/22177","targetHints":{"allow":["GET"]}}],"collection":[{"href":"https:\/\/pdt-rj.org.br\/index.php\/wp-json\/wp\/v2\/posts"}],"about":[{"href":"https:\/\/pdt-rj.org.br\/index.php\/wp-json\/wp\/v2\/types\/post"}],"author":[{"embeddable":true,"href":"https:\/\/pdt-rj.org.br\/index.php\/wp-json\/wp\/v2\/users\/17"}],"replies":[{"embeddable":true,"href":"https:\/\/pdt-rj.org.br\/index.php\/wp-json\/wp\/v2\/comments?post=22177"}],"version-history":[{"count":0,"href":"https:\/\/pdt-rj.org.br\/index.php\/wp-json\/wp\/v2\/posts\/22177\/revisions"}],"wp:featuredmedia":[{"embeddable":true,"href":"https:\/\/pdt-rj.org.br\/index.php\/wp-json\/wp\/v2\/media\/22178"}],"wp:attachment":[{"href":"https:\/\/pdt-rj.org.br\/index.php\/wp-json\/wp\/v2\/media?parent=22177"}],"wp:term":[{"taxonomy":"category","embeddable":true,"href":"https:\/\/pdt-rj.org.br\/index.php\/wp-json\/wp\/v2\/categories?post=22177"},{"taxonomy":"post_tag","embeddable":true,"href":"https:\/\/pdt-rj.org.br\/index.php\/wp-json\/wp\/v2\/tags?post=22177"}],"curies":[{"name":"wp","href":"https:\/\/api.w.org\/{rel}","templated":true}]}}