{"id":22111,"date":"2011-03-01T06:28:28","date_gmt":"2011-03-01T09:28:28","guid":{"rendered":"http:\/\/pdt-rj.org.br\/index.php\/lupi-e-convidado-a-integrar-frente-em-defesa-da-valorizacao-do-trabalho-2\/"},"modified":"2011-03-01T06:28:28","modified_gmt":"2011-03-01T09:28:28","slug":"lupi-e-convidado-a-integrar-frente-em-defesa-da-valorizacao-do-trabalho-2","status":"publish","type":"post","link":"https:\/\/pdt-rj.org.br\/index.php\/lupi-e-convidado-a-integrar-frente-em-defesa-da-valorizacao-do-trabalho-2\/","title":{"rendered":"Lupi \u00e9 convidado a integrar Frente em Defesa da Valoriza\u00e7\u00e3o do Trabalho"},"content":{"rendered":"<p>O Ministro Carlos Lupi, do Trabalho e Emprego, foi convidado pelo deputado ga&uacute;cho Assis Melo (PCdoB-RS) a integrar a Frente Parlamentar em Defesa do Crescimento e Valoriza&ccedil;&atilde;o do Trabalho rec&eacute;m &nbsp;criada na C&acirc;mara Federal por iniciativa do deputado.<\/p>\n<p>Assis Melo acompanhou Lupi no lan&ccedil;amento do portal &ldquo;Mais Emprego&rdquo; no posto do SINE que funciona na sede da Funda&ccedil;&atilde;o Ga&uacute;cha do Trabalho e Assist&ecirc;ncia Social, em Porto Alegre<\/p>\n<p>Este posto ser&aacute; a primeira unidade a contar com o servi&ccedil;o de apoio para auxiliar os trabalhadores desempregados a encontrarem uma reloca&ccedil;&atilde;o do mercado de trabalho mais rapidamente, sem precisar recorrer ao seguro desemprego.<\/p>\n<p>Assis melo compartilhou com Lupi a sua iniciativa de instalar a Frente Parlamentar &nbsp;e aproveitou para convidar o ministro a integrar o grupo de trabalho, com a designa&ccedil;&atilde;o de representante do Minist&eacute;rio do Trabalho e Emprego. &nbsp;O ministro elogiou a iniciativa e se colocou &agrave; disposi&ccedil;&atilde;o do parlamentar.<\/p>\n<p>Durante a solenidade em Porto Alegre, Lupi fez quest&atilde;o de mencionar que Assis era presidente do Sindicato dos Metal&uacute;rgicos de Caxias do Sul e Regi&atilde;o ao nomin&aacute;-lo entre as autoridades presentes ao lan&ccedil;amento do portal.<\/p>\n<!-- AddThis Advanced Settings generic via filter on the_content --><!-- AddThis Share Buttons generic via filter on the_content -->","protected":false},"excerpt":{"rendered":"<p>O Ministro Carlos Lupi, do Trabalho e Emprego, foi convidado pelo deputado ga&uacute;cho Assis Melo (PCdoB-RS) a integrar a Frente Parlamentar em Defesa do Crescimento e Valoriza&ccedil;&atilde;o do Trabalho rec&eacute;m &nbsp;criada na C&acirc;mara Federal por iniciativa do deputado. Assis Melo acompanhou Lupi no lan&ccedil;amento do portal &ldquo;Mais Emprego&rdquo; no posto do SINE que funciona na&#8230;<!-- AddThis Advanced Settings generic via filter on wp_trim_excerpt --><!-- AddThis Share Buttons generic via filter on wp_trim_excerpt --><\/p>\n","protected":false},"author":17,"featured_media":22112,"comment_status":"open","ping_status":"open","sticky":false,"template":"","format":"standard","meta":{"_monsterinsights_skip_tracking":false,"_monsterinsights_sitenote_active":false,"_monsterinsights_sitenote_note":"","_monsterinsights_sitenote_category":0,"_uf_show_specific_survey":0,"_uf_disable_surveys":false,"footnotes":""},"categories":[1401],"tags":[196,1576,38],"class_list":["post-22111","post","type-post","status-publish","format-standard","has-post-thumbnail","hentry","category-nacional","tag-carlos-lupi","tag-defesa-da-valorizacao-do-trabalho","tag-pdt"],"acf":[],"_links":{"self":[{"href":"https:\/\/pdt-rj.org.br\/index.php\/wp-json\/wp\/v2\/posts\/22111","targetHints":{"allow":["GET"]}}],"collection":[{"href":"https:\/\/pdt-rj.org.br\/index.php\/wp-json\/wp\/v2\/posts"}],"about":[{"href":"https:\/\/pdt-rj.org.br\/index.php\/wp-json\/wp\/v2\/types\/post"}],"author":[{"embeddable":true,"href":"https:\/\/pdt-rj.org.br\/index.php\/wp-json\/wp\/v2\/users\/17"}],"replies":[{"embeddable":true,"href":"https:\/\/pdt-rj.org.br\/index.php\/wp-json\/wp\/v2\/comments?post=22111"}],"version-history":[{"count":0,"href":"https:\/\/pdt-rj.org.br\/index.php\/wp-json\/wp\/v2\/posts\/22111\/revisions"}],"wp:featuredmedia":[{"embeddable":true,"href":"https:\/\/pdt-rj.org.br\/index.php\/wp-json\/wp\/v2\/media\/22112"}],"wp:attachment":[{"href":"https:\/\/pdt-rj.org.br\/index.php\/wp-json\/wp\/v2\/media?parent=22111"}],"wp:term":[{"taxonomy":"category","embeddable":true,"href":"https:\/\/pdt-rj.org.br\/index.php\/wp-json\/wp\/v2\/categories?post=22111"},{"taxonomy":"post_tag","embeddable":true,"href":"https:\/\/pdt-rj.org.br\/index.php\/wp-json\/wp\/v2\/tags?post=22111"}],"curies":[{"name":"wp","href":"https:\/\/api.w.org\/{rel}","templated":true}]}}