{"id":22010,"date":"2011-02-14T14:26:29","date_gmt":"2011-02-14T16:26:29","guid":{"rendered":"http:\/\/pdt-rj.org.br\/index.php\/nao-se-pode-restringir-a-participacao-da-sociedade-diz-flavia-morais-2\/"},"modified":"2017-10-26T09:08:13","modified_gmt":"2017-10-26T11:08:13","slug":"nao-se-pode-restringir-a-participacao-da-sociedade-diz-flavia-morais-2","status":"publish","type":"post","link":"https:\/\/pdt-rj.org.br\/index.php\/nao-se-pode-restringir-a-participacao-da-sociedade-diz-flavia-morais-2\/","title":{"rendered":"&#8220;N\u00e3o se pode restringir a participa\u00e7\u00e3o da sociedade&#8221;, diz Fl\u00e1via Morais"},"content":{"rendered":"<p>Destacando como prioridade o financiamento p&uacute;blico de campanha e contr&aacute;ria a lista fechada porque restringe a participa&ccedil;&atilde;o da sociedade na escolha de seus candidatos, a deputada federal Fl&aacute;via Morais (GO), na reuni&atilde;o sobre Reforma Pol&iacute;tica, esta semana na sede nacional do PDT em Bras&iacute;lia, refletiu sobre coliga&ccedil;&otilde;es e oportunismo.<\/p>\n<p>Fl&aacute;via tamb&eacute;m abordou a quest&atilde;o de g&ecirc;nero no Legislativo, mostrando que a participa&ccedil;&atilde;o da mulher na C&acirc;mara dos Deputados n&atilde;o chega a 10%.<\/p>\n<p>No v&iacute;deo acompanhe a contribui&ccedil;&atilde;o da deputada Fl&aacute;via Morais na discuss&atilde;o discuss&atilde;o sobre Reforma Pol&iacute;tica.<\/p>\n<p>&nbsp;<\/p>\n<p>&nbsp;<\/p>\n<\/p>\n<p>&nbsp;<\/p>\n<p>&nbsp;<\/p>\n<p><strong><br \/><\/strong><\/p>\n<!-- AddThis Advanced Settings generic via filter on the_content --><!-- AddThis Share Buttons generic via filter on the_content -->","protected":false},"excerpt":{"rendered":"<p>Destacando como prioridade o financiamento p&uacute;blico de campanha e contr&aacute;ria a lista fechada porque restringe a participa&ccedil;&atilde;o da sociedade na escolha de seus candidatos, a deputada federal Fl&aacute;via Morais (GO), na reuni&atilde;o sobre Reforma Pol&iacute;tica, esta semana na sede nacional do PDT em Bras&iacute;lia, refletiu sobre coliga&ccedil;&otilde;es e oportunismo. Fl&aacute;via tamb&eacute;m abordou a quest&atilde;o de&#8230;<!-- AddThis Advanced Settings generic via filter on wp_trim_excerpt --><!-- AddThis Share Buttons generic via filter on wp_trim_excerpt --><\/p>\n","protected":false},"author":17,"featured_media":22011,"comment_status":"open","ping_status":"open","sticky":false,"template":"","format":"standard","meta":{"_monsterinsights_skip_tracking":false,"_monsterinsights_sitenote_active":false,"_monsterinsights_sitenote_note":"","_monsterinsights_sitenote_category":0,"_uf_show_specific_survey":0,"_uf_disable_surveys":false,"footnotes":""},"categories":[1459,976],"tags":[],"class_list":["post-22010","post","type-post","status-publish","format-standard","has-post-thumbnail","hentry","category-congresso","category-noticias-em-destaque"],"acf":[],"_links":{"self":[{"href":"https:\/\/pdt-rj.org.br\/index.php\/wp-json\/wp\/v2\/posts\/22010","targetHints":{"allow":["GET"]}}],"collection":[{"href":"https:\/\/pdt-rj.org.br\/index.php\/wp-json\/wp\/v2\/posts"}],"about":[{"href":"https:\/\/pdt-rj.org.br\/index.php\/wp-json\/wp\/v2\/types\/post"}],"author":[{"embeddable":true,"href":"https:\/\/pdt-rj.org.br\/index.php\/wp-json\/wp\/v2\/users\/17"}],"replies":[{"embeddable":true,"href":"https:\/\/pdt-rj.org.br\/index.php\/wp-json\/wp\/v2\/comments?post=22010"}],"version-history":[{"count":1,"href":"https:\/\/pdt-rj.org.br\/index.php\/wp-json\/wp\/v2\/posts\/22010\/revisions"}],"predecessor-version":[{"id":56424,"href":"https:\/\/pdt-rj.org.br\/index.php\/wp-json\/wp\/v2\/posts\/22010\/revisions\/56424"}],"wp:featuredmedia":[{"embeddable":true,"href":"https:\/\/pdt-rj.org.br\/index.php\/wp-json\/wp\/v2\/media\/22011"}],"wp:attachment":[{"href":"https:\/\/pdt-rj.org.br\/index.php\/wp-json\/wp\/v2\/media?parent=22010"}],"wp:term":[{"taxonomy":"category","embeddable":true,"href":"https:\/\/pdt-rj.org.br\/index.php\/wp-json\/wp\/v2\/categories?post=22010"},{"taxonomy":"post_tag","embeddable":true,"href":"https:\/\/pdt-rj.org.br\/index.php\/wp-json\/wp\/v2\/tags?post=22010"}],"curies":[{"name":"wp","href":"https:\/\/api.w.org\/{rel}","templated":true}]}}