{"id":21940,"date":"2011-02-11T16:21:08","date_gmt":"2011-02-11T18:21:08","guid":{"rendered":"http:\/\/pdt-rj.org.br\/index.php\/lupi-anuncia-pacote-de-qualificacao-para-municipios-da-serra-fluminense-com-construcao-de-centros-de-economia-solidaria-2\/"},"modified":"2011-02-11T16:21:08","modified_gmt":"2011-02-11T18:21:08","slug":"lupi-anuncia-pacote-de-qualificacao-para-municipios-da-serra-fluminense-com-construcao-de-centros-de-economia-solidaria-2","status":"publish","type":"post","link":"https:\/\/pdt-rj.org.br\/index.php\/lupi-anuncia-pacote-de-qualificacao-para-municipios-da-serra-fluminense-com-construcao-de-centros-de-economia-solidaria-2\/","title":{"rendered":"Lupi anuncia pacote de qualifica\u00e7\u00e3o para munic\u00edpios da serra fluminense, com constru\u00e7\u00e3o de centros de economia solid\u00e1ria"},"content":{"rendered":"<p>O ministro do Trabalho e Emprego, Carlos Lupi, anunciou na manh&atilde; de hoje (11), um conjunto de medidas para a qualifica&ccedil;&atilde;o de trabalhadores, com o objetivo de auxiliar os munic&iacute;pios da regi&atilde;o serrana do Rio de Janeiro a se recuperar das perdas em fun&ccedil;&atilde;o das chuvas do m&ecirc;s passado.<\/p>\n<p>Durante reuni&atilde;o com o prefeito de Petr&oacute;polis, Paulo Mustrangi, ele informou que, no pacote de aux&iacute;lio, est&aacute; a implementa&ccedil;&atilde;o do Plano Setorial de Qualifica&ccedil;&atilde;o (Planseq) na regi&atilde;o. Com isso, 12 mil trabalhadores que tenham perdido seus empregos nas cidades atingidas poder&atilde;o participar de cursos de qualifica&ccedil;&atilde;o principalmente na &aacute;rea de constru&ccedil;&atilde;o civil.<\/p>\n<p>&ldquo;Nosso objetivo &eacute; qualificar essa popula&ccedil;&atilde;o para que seja utilizada a m&atilde;o de obra local para reconstruir o que foi destru&iacute;do&rdquo;, afirmou.<\/p>\n<p>Outra medida prev&ecirc; a concess&atilde;o da Bolsa Qualifica&ccedil;&atilde;o para trabalhadores de empresas que tenham ficado seriamente comprometidas, sem condi&ccedil;&otilde;es de manter sua atividade. Neste caso, os empres&aacute;rios suspendem os contratos de trabalho por at&eacute; cinco meses e nesse per&iacute;odo os empregados ficam liberados para participar de cursos de qualifica&ccedil;&atilde;o, conveniados com a Secretaria Estadual de Trabalho. Enquanto isso, os sal&aacute;rios de at&eacute; R$ 1.010 s&atilde;o mantidos com recursos do Fundo de Amparo ao Trabalhador (FAT).<\/p>\n<p>&ldquo;Evita a demiss&atilde;o, permite que as empresas tenham tempo para se recuperar e torna o trabalhador melhor qualificado&rdquo;, acrescentou o ministro.<\/p>\n<p>Segundo Lupi, os munic&iacute;pios tamb&eacute;m receber&atilde;o o Programa Nacional de Inclus&atilde;o de Jovens (ProJovem), por meio do qual pessoas de 18 a 29 anos recebem uma bolsa de R$ 100 enquanto participam de cursos de capacita&ccedil;&atilde;o por seis meses. As aulas ser&atilde;o nas &aacute;reas de constru&ccedil;&atilde;o civil e de hotelaria.<\/p>\n<p>O ministro anunciou ainda a constru&ccedil;&atilde;o de tr&ecirc;s centros de economia solid&aacute;ria nos principais munic&iacute;pios atingidos &ndash; Petr&oacute;polis, Nova Friburgo e Teres&oacute;polis &ndash; para dar suporte e capacita&ccedil;&atilde;o aos pequenos produtores rurais. Segundo Carlos Lupi, nesses locais ser&aacute; poss&iacute;vel expor e comercializar os produtos, al&eacute;m de obter orienta&ccedil;&atilde;o sobre como recome&ccedil;ar a atividade.<\/p>\n<p>De acordo com o ministro, todas essas medidas ter&atilde;o in&iacute;cio &ldquo;imediato&rdquo;, bastando apenas finalizar ajustes da implementa&ccedil;&atilde;o com as prefeituras.<\/p>\n<p>Ele tamb&eacute;m descartou que os cortes nos gastos anunciados pela equipe econ&ocirc;mica do governo federal comprometa as medidas.<\/p>\n<p>&ldquo;S&atilde;o recursos or&ccedil;ament&aacute;rios j&aacute; previstos e n&atilde;o tem corte&rdquo;, afirmou Lupi, lembrando, ainda, que o minist&eacute;rio prorrogou a entrega da Rela&ccedil;&atilde;o Anual de Informa&ccedil;&otilde;es Sociais (Rais) ano-base 2010 at&eacute; 25 de mar&ccedil;o para empresas localizadas em cidades em estado de calamidade.<\/p>\n<p>Para o prefeito Paulo Mustrangi, os programas anunciados pelo minist&eacute;rio v&atilde;o acelerar a recupera&ccedil;&atilde;o de Petr&oacute;polis.<\/p>\n<p>&ldquo;Essa integra&ccedil;&atilde;o de for&ccedil;as &eacute; fundamental. A parceria entre as tr&ecirc;s esferas de governo foi o que garantiu o r&aacute;pido socorro &agrave;s v&iacute;timas e &eacute; ela que vai dar condi&ccedil;&otilde;es de a economia da cidade respirar&rdquo;, enfatizou.<\/p>\n<p>Di\u00e1rio de Petr\u00f3polis<\/p>\n<!-- AddThis Advanced Settings generic via filter on the_content --><!-- AddThis Share Buttons generic via filter on the_content -->","protected":false},"excerpt":{"rendered":"<p>O ministro do Trabalho e Emprego, Carlos Lupi, anunciou na manh&atilde; de hoje (11), um conjunto de medidas para a qualifica&ccedil;&atilde;o de trabalhadores, com o objetivo de auxiliar os munic&iacute;pios da regi&atilde;o serrana do Rio de Janeiro a se recuperar das perdas em fun&ccedil;&atilde;o das chuvas do m&ecirc;s passado. Durante reuni&atilde;o com o prefeito de&#8230;<!-- AddThis Advanced Settings generic via filter on wp_trim_excerpt --><!-- AddThis Share Buttons generic via filter on wp_trim_excerpt --><\/p>\n","protected":false},"author":17,"featured_media":21941,"comment_status":"open","ping_status":"open","sticky":false,"template":"","format":"standard","meta":{"_monsterinsights_skip_tracking":false,"_monsterinsights_sitenote_active":false,"_monsterinsights_sitenote_note":"","_monsterinsights_sitenote_category":0,"_uf_show_specific_survey":0,"_uf_disable_surveys":false,"footnotes":""},"categories":[1401],"tags":[196,38],"class_list":["post-21940","post","type-post","status-publish","format-standard","has-post-thumbnail","hentry","category-nacional","tag-carlos-lupi","tag-pdt"],"acf":[],"_links":{"self":[{"href":"https:\/\/pdt-rj.org.br\/index.php\/wp-json\/wp\/v2\/posts\/21940","targetHints":{"allow":["GET"]}}],"collection":[{"href":"https:\/\/pdt-rj.org.br\/index.php\/wp-json\/wp\/v2\/posts"}],"about":[{"href":"https:\/\/pdt-rj.org.br\/index.php\/wp-json\/wp\/v2\/types\/post"}],"author":[{"embeddable":true,"href":"https:\/\/pdt-rj.org.br\/index.php\/wp-json\/wp\/v2\/users\/17"}],"replies":[{"embeddable":true,"href":"https:\/\/pdt-rj.org.br\/index.php\/wp-json\/wp\/v2\/comments?post=21940"}],"version-history":[{"count":0,"href":"https:\/\/pdt-rj.org.br\/index.php\/wp-json\/wp\/v2\/posts\/21940\/revisions"}],"wp:featuredmedia":[{"embeddable":true,"href":"https:\/\/pdt-rj.org.br\/index.php\/wp-json\/"}],"wp:attachment":[{"href":"https:\/\/pdt-rj.org.br\/index.php\/wp-json\/wp\/v2\/media?parent=21940"}],"wp:term":[{"taxonomy":"category","embeddable":true,"href":"https:\/\/pdt-rj.org.br\/index.php\/wp-json\/wp\/v2\/categories?post=21940"},{"taxonomy":"post_tag","embeddable":true,"href":"https:\/\/pdt-rj.org.br\/index.php\/wp-json\/wp\/v2\/tags?post=21940"}],"curies":[{"name":"wp","href":"https:\/\/api.w.org\/{rel}","templated":true}]}}