{"id":21916,"date":"2011-02-10T18:39:27","date_gmt":"2011-02-10T20:39:27","guid":{"rendered":"http:\/\/pdt-rj.org.br\/index.php\/lupi-vai-a-regiao-serrana-do-rio-para-ajudar-na-reconstrucao-2\/"},"modified":"2011-02-10T18:39:27","modified_gmt":"2011-02-10T20:39:27","slug":"lupi-vai-a-regiao-serrana-do-rio-para-ajudar-na-reconstrucao-2","status":"publish","type":"post","link":"https:\/\/pdt-rj.org.br\/index.php\/lupi-vai-a-regiao-serrana-do-rio-para-ajudar-na-reconstrucao-2\/","title":{"rendered":"Lupi vai a Regi\u00e3o Serrana do Rio para ajudar na reconstru\u00e7\u00e3o"},"content":{"rendered":"<p>Para agilizar as provid&ecirc;ncias relacionadas ao atendimento da popula&ccedil;&atilde;o da Regi&atilde;o Serrana do Rio de Janeiro, v&iacute;tima da trag&eacute;dia das chuvas de janeiro, o ministro do Trabalho e Emprego, Carlos Lupi, visita nesta sexta e na pr&oacute;xima segunda-feira as cidades de Petr&oacute;polis, Teres&oacute;polis e Nova Friburgo &#8211; onde se reunir&aacute; com autoridades, sindicalistas e populares para discutir a&ccedil;&otilde;es de seu Minist&eacute;rio para ajudar, com a&ccedil;&otilde;es na &aacute;rea de trabalho e emprego, na reconstru&ccedil;&atilde;o das &aacute;reas atingidas.<\/p>\n<p>As visitas come&ccedil;am nesta sexta-feira, dia 11, &agrave;s 9h30m, na Subprefeitura de Petr&oacute;polis, no pr&eacute;dio do Parque de Exposi&ccedil;&otilde;es, 2&ordm; andar, em Itaipava, n&deg; 10.000 &ndash; onde Lupi ser&aacute; recebido pelo prefeito Paulo Mustrangi. &nbsp;De l&aacute; o ministro e tamb&eacute;m presidente licenciado do PDT seguir&aacute; para as &aacute;reas atingidas e participar&aacute; de uma reuni&atilde;o &agrave;s 11 horas na A&ccedil;&atilde;o Social Santa Terezinha, no Vale do Cuiab&aacute;, um das &aacute;reas mais atingidas, com empres&aacute;rios, trabalhadores e produtores rurais locais.<\/p>\n<p>De l&aacute; o ministro segue &nbsp;para Teres&oacute;polis onde, &agrave;s 15 horas, conversa com o prefeito Jorge Mario Sedlacek, na sede da Prefeitura, na Av. Feliciano Sodr&eacute; 675, 2&deg; piso, V&aacute;rzea, seguindo depois para uma reuni&atilde;o com empres&aacute;rios, produtores rurais e trabalhadores na quadra do clube Esporte Show de Bola, no Centro de Bonsucesso, no 3&deg; Distrito. &Agrave;s 17 horas Lupi visita as principais &aacute;reas atingidas pelas chuvas torrenciais de janeiro, encerrando o dia.<\/p>\n<p>Na segunda-feira, dia 14, Lupi visita Nova Friburgo onde, &agrave;s 10 horas, na sede da Prefeitura local, na Av. Alberto Braune, tem reuni&atilde;o marcada com o prefeito Dermeval&nbsp; Barboza Moreira Neto.&nbsp; &Agrave;s 11 horas Lupi se reunir&aacute; com representantes de 23 sindicatos de trabalhadores na sede do Sindicato dos Trabalhadores da Ind&uacute;stria Metal&uacute;rgica, na rua General Os&oacute;rio 366 &ndash; A &ndash; Centro; e as 14 horas est&aacute; marcada uma segunda reuni&atilde;o, esta com produtores rurais e empres&aacute;rios locais, na sede da Associa&ccedil;&atilde;o Comercial de Nova Friburgo.<\/p>\n<p>Ainda na cidade mais atingida pelas enchentes, a partir das 15 horas Lupi visitar&aacute; algumas das empresas mais atingidas pela trag&eacute;dia, como a Ferragens 3F do Brasil e a Nylorend.<\/p>\n<p>Ascom\/OM<\/p>\n<!-- AddThis Advanced Settings generic via filter on the_content --><!-- AddThis Share Buttons generic via filter on the_content -->","protected":false},"excerpt":{"rendered":"<p>Para agilizar as provid&ecirc;ncias relacionadas ao atendimento da popula&ccedil;&atilde;o da Regi&atilde;o Serrana do Rio de Janeiro, v&iacute;tima da trag&eacute;dia das chuvas de janeiro, o ministro do Trabalho e Emprego, Carlos Lupi, visita nesta sexta e na pr&oacute;xima segunda-feira as cidades de Petr&oacute;polis, Teres&oacute;polis e Nova Friburgo &#8211; onde se reunir&aacute; com autoridades, sindicalistas e populares&#8230;<!-- AddThis Advanced Settings generic via filter on wp_trim_excerpt --><!-- AddThis Share Buttons generic via filter on wp_trim_excerpt --><\/p>\n","protected":false},"author":17,"featured_media":21917,"comment_status":"open","ping_status":"open","sticky":false,"template":"","format":"standard","meta":{"_monsterinsights_skip_tracking":false,"_monsterinsights_sitenote_active":false,"_monsterinsights_sitenote_note":"","_monsterinsights_sitenote_category":0,"_uf_show_specific_survey":0,"_uf_disable_surveys":false,"footnotes":""},"categories":[1402,1401],"tags":[196,38],"class_list":["post-21916","post","type-post","status-publish","format-standard","has-post-thumbnail","hentry","category-cidades","category-nacional","tag-carlos-lupi","tag-pdt"],"acf":[],"_links":{"self":[{"href":"https:\/\/pdt-rj.org.br\/index.php\/wp-json\/wp\/v2\/posts\/21916","targetHints":{"allow":["GET"]}}],"collection":[{"href":"https:\/\/pdt-rj.org.br\/index.php\/wp-json\/wp\/v2\/posts"}],"about":[{"href":"https:\/\/pdt-rj.org.br\/index.php\/wp-json\/wp\/v2\/types\/post"}],"author":[{"embeddable":true,"href":"https:\/\/pdt-rj.org.br\/index.php\/wp-json\/wp\/v2\/users\/17"}],"replies":[{"embeddable":true,"href":"https:\/\/pdt-rj.org.br\/index.php\/wp-json\/wp\/v2\/comments?post=21916"}],"version-history":[{"count":0,"href":"https:\/\/pdt-rj.org.br\/index.php\/wp-json\/wp\/v2\/posts\/21916\/revisions"}],"wp:featuredmedia":[{"embeddable":true,"href":"https:\/\/pdt-rj.org.br\/index.php\/wp-json\/wp\/v2\/media\/21917"}],"wp:attachment":[{"href":"https:\/\/pdt-rj.org.br\/index.php\/wp-json\/wp\/v2\/media?parent=21916"}],"wp:term":[{"taxonomy":"category","embeddable":true,"href":"https:\/\/pdt-rj.org.br\/index.php\/wp-json\/wp\/v2\/categories?post=21916"},{"taxonomy":"post_tag","embeddable":true,"href":"https:\/\/pdt-rj.org.br\/index.php\/wp-json\/wp\/v2\/tags?post=21916"}],"curies":[{"name":"wp","href":"https:\/\/api.w.org\/{rel}","templated":true}]}}