{"id":21740,"date":"2011-01-31T19:27:21","date_gmt":"2011-01-31T21:27:21","guid":{"rendered":"http:\/\/pdt-rj.org.br\/index.php\/carlos-lupi-reune-se-com-as-bancadas-da-camara-e-senado-hoje-a-noite-2\/"},"modified":"2011-01-31T19:27:21","modified_gmt":"2011-01-31T21:27:21","slug":"carlos-lupi-reune-se-com-as-bancadas-da-camara-e-senado-hoje-a-noite-2","status":"publish","type":"post","link":"https:\/\/pdt-rj.org.br\/index.php\/carlos-lupi-reune-se-com-as-bancadas-da-camara-e-senado-hoje-a-noite-2\/","title":{"rendered":"Carlos Lupi re\u00fane-se com as bancadas da C\u00e2mara e Senado, hoje \u00e0 noite"},"content":{"rendered":"<p>Senadores e deputados foram convidados pelos presidentes Carlos Lupi (licenciado) e Manoel Dias (em exerc&iacute;cio) para discutir, hoje &agrave; noite, num jantar em Bras&iacute;lia, a indica&ccedil;&atilde;o dos l&iacute;deres do partido, bem como fechar quest&atilde;o em torno de nomes que v&atilde;o compor a chapa de consenso para a Mesa Diretora, al&eacute;m de indica&ccedil;&otilde;es para as Comiss&otilde;es Permanente.<\/p>\n<!-- AddThis Advanced Settings generic via filter on the_content --><!-- AddThis Share Buttons generic via filter on the_content -->","protected":false},"excerpt":{"rendered":"<p>Senadores e deputados foram convidados pelos presidentes Carlos Lupi (licenciado) e Manoel Dias (em exerc&iacute;cio) para discutir, hoje &agrave; noite, num jantar em Bras&iacute;lia, a indica&ccedil;&atilde;o dos l&iacute;deres do partido, bem como fechar quest&atilde;o em torno de nomes que v&atilde;o compor a chapa de consenso para a Mesa Diretora, al&eacute;m de indica&ccedil;&otilde;es para as Comiss&otilde;es&#8230;<!-- AddThis Advanced Settings generic via filter on wp_trim_excerpt --><!-- AddThis Share Buttons generic via filter on wp_trim_excerpt --><\/p>\n","protected":false},"author":17,"featured_media":21741,"comment_status":"open","ping_status":"open","sticky":false,"template":"","format":"standard","meta":{"_monsterinsights_skip_tracking":false,"_monsterinsights_sitenote_active":false,"_monsterinsights_sitenote_note":"","_monsterinsights_sitenote_category":0,"_uf_show_specific_survey":0,"_uf_disable_surveys":false,"footnotes":""},"categories":[1459,1401],"tags":[196,38],"class_list":["post-21740","post","type-post","status-publish","format-standard","has-post-thumbnail","hentry","category-congresso","category-nacional","tag-carlos-lupi","tag-pdt"],"acf":[],"_links":{"self":[{"href":"https:\/\/pdt-rj.org.br\/index.php\/wp-json\/wp\/v2\/posts\/21740","targetHints":{"allow":["GET"]}}],"collection":[{"href":"https:\/\/pdt-rj.org.br\/index.php\/wp-json\/wp\/v2\/posts"}],"about":[{"href":"https:\/\/pdt-rj.org.br\/index.php\/wp-json\/wp\/v2\/types\/post"}],"author":[{"embeddable":true,"href":"https:\/\/pdt-rj.org.br\/index.php\/wp-json\/wp\/v2\/users\/17"}],"replies":[{"embeddable":true,"href":"https:\/\/pdt-rj.org.br\/index.php\/wp-json\/wp\/v2\/comments?post=21740"}],"version-history":[{"count":0,"href":"https:\/\/pdt-rj.org.br\/index.php\/wp-json\/wp\/v2\/posts\/21740\/revisions"}],"wp:featuredmedia":[{"embeddable":true,"href":"https:\/\/pdt-rj.org.br\/index.php\/wp-json\/wp\/v2\/media\/21741"}],"wp:attachment":[{"href":"https:\/\/pdt-rj.org.br\/index.php\/wp-json\/wp\/v2\/media?parent=21740"}],"wp:term":[{"taxonomy":"category","embeddable":true,"href":"https:\/\/pdt-rj.org.br\/index.php\/wp-json\/wp\/v2\/categories?post=21740"},{"taxonomy":"post_tag","embeddable":true,"href":"https:\/\/pdt-rj.org.br\/index.php\/wp-json\/wp\/v2\/tags?post=21740"}],"curies":[{"name":"wp","href":"https:\/\/api.w.org\/{rel}","templated":true}]}}