{"id":21572,"date":"2010-12-22T11:04:48","date_gmt":"2010-12-22T13:04:48","guid":{"rendered":"http:\/\/pdt-rj.org.br\/index.php\/lupi-faz-balanco-de-sua-gestao-a-frente-do-mte-2\/"},"modified":"2010-12-22T11:04:48","modified_gmt":"2010-12-22T13:04:48","slug":"lupi-faz-balanco-de-sua-gestao-a-frente-do-mte-2","status":"publish","type":"post","link":"https:\/\/pdt-rj.org.br\/index.php\/lupi-faz-balanco-de-sua-gestao-a-frente-do-mte-2\/","title":{"rendered":"Lupi faz balan\u00e7o de sua gest\u00e3o \u00e0 frente do MTE"},"content":{"rendered":"<p>Lupi faz breve balan&ccedil;o de sua gest&atilde;o durante  palestra . &nbsp;<\/p>\n<p class=\"italico\">Debate foi promovido pela SAE. Gera&ccedil;&atilde;o de empregos, inspe&ccedil;&atilde;o do  trabalho e qualifica&ccedil;&atilde;o profissional foram os temas principais<\/p>\n<p>&nbsp;<\/p>\n<p><span class=\"negrito\">Bras&iacute;lia, 21\/12\/2010<\/span> &#8211; O ministro do Trabalho e  Emprego, Carlos Lupi, participou na manh&atilde; desta ter&ccedil;a-feira (21) do Ciclo de  Palestras promovido pela Secretaria de Assuntos Estrat&eacute;gicos (SAE) da  Presid&ecirc;ncia da Rep&uacute;blica, no minist&eacute;rio do Ex&eacute;rcito. O tema da palestra foi  &#8220;Desafios do Minist&eacute;rio do Trabalho e Emprego&#8221;, onde foi apresentado um pequeno  balan&ccedil;o das atividades do &oacute;rg&atilde;o em 2010.<\/p>\n<p>&#8220;Tenho orgulho de dizer que n&oacute;s  avan&ccedil;amos muito e o grande marco dessa evolu&ccedil;&atilde;o do Brasil &eacute; o programa Bolsa  Fam&iacute;lia. Outros fatores importantes foram o crescimento da economia e o ganho  real do sal&aacute;rio que, ao lado da gera&ccedil;&atilde;o de emprego,&nbsp;fez a diferen&ccedil;a na hora da  crise. Todas as categorias, sem exce&ccedil;&atilde;o, tiveram aumento real acima da m&eacute;dia.  Foram 15 milh&otilde;es de empregos gerados em 8 anos do governo Lula. Fizemos o bolo e  fomos distribuindo para a sociedade&#8221;, disse Lupi.<\/p>\n<p>O ministro tamb&eacute;m  destacou a import&acirc;ncia do Fundo de Amparo ao Trabalhador (FAT) e do Fundo de  Garantia do Tempo de Servi&ccedil;o (FGTS). &#8220;O FAT tem um patrim&ocirc;nio de R$ 165 bilh&otilde;es  e este ano teve o maior saldo positivo. J&aacute; o FGTS est&aacute; com um patrim&ocirc;nio de R$  240 bilh&otilde;es, o que foi fundamental para a movimenta&ccedil;&atilde;o da economia brasileira.  Investimos R$ 24 bilh&otilde;es no programa &#8220;Minha Casa Minha Vida&#8221;. O FAT est&aacute;  pagando, esse ano, a 17 milh&otilde;es de trabalhadores que ganham at&eacute; 2 sal&aacute;rios  m&iacute;nimos, o abono salarial. Com o pagamento do seguro desemprego, 6,7 milh&otilde;es de  trabalhadores foram beneficiados. Cerca de 75% do recursos do FAT v&atilde;o para  financiamento de micro e pequenas empresas. Mais de 25 milh&otilde;es de trabalhadores  tiveram algum beneficio do FGTS ou do FAT&#8221;, lembrou.<\/p>\n<p>Lupi&nbsp;falou sobre as  a&ccedil;&otilde;es da Secretaria de Pol&iacute;ticas P&uacute;blicas de Emprego (SPPE). &#8220;Mais de 1 milh&atilde;o  de trabalhadores foram qualificados em 2010. O grande desafio &eacute; a qualifica&ccedil;&atilde;o  profissional. Estamos desenvolvendo um projeto para que os abonos salariais n&atilde;o  sacados sejam direcionados para a qualifica&ccedil;&atilde;o profissional&#8221;, disse o ministro.  Segundo ele, os setores de Servi&ccedil;os e Constru&ccedil;&atilde;o Civil s&atilde;o os que mais carecem  de m&atilde;o-de-obra especializada.<\/p>\n<p>O combate ao trabalho an&aacute;logo &agrave; escravid&atilde;o tamb&eacute;m foi citado durante a  palestra. &#8220;O Par&aacute; &eacute; o maior receptor de trabalhadores em condi&ccedil;&otilde;es degradantes.  O problema n&atilde;o &eacute; s&oacute; quem contrata, mas tamb&eacute;m quem intermedia, o chamado &#8220;gato&#8221;.  A incid&ecirc;ncia de trabalho escravo diminuiu cerca de 65%. A lista suja tamb&eacute;m  contribui nessa redu&ccedil;&atilde;o. A empresa citada na lista fica dois anos sem poder  fazer financiamentos com o poder publico. Precisamos divulgar e conscientizar  sempre sobre esse problema&#8221;.<\/p>\n<p>O ministro se posicionou a favor da redu&ccedil;&atilde;o da jornada de trabalho para  aumentar a empregabilidade. &#8220;Sou a favor, defendi isso no plen&aacute;rio da C&acirc;mara. Na  Europa a jornada &eacute;, em m&eacute;dia, de 38 horas, rende mais. N&atilde;o chega a 2% do custo  final&nbsp;do produto&nbsp;da empresa. Sou a favor, defendo as 40 horas semanais. Alguns  setores j&aacute; adotam porque o trabalhador produz mais. Esse &eacute; o caminho e melhora,  inclusive, a lucratividade das empresas&#8221;, declarou.<\/p>\n<p>MTE<\/p>\n<!-- AddThis Advanced Settings generic via filter on the_content --><!-- AddThis Share Buttons generic via filter on the_content -->","protected":false},"excerpt":{"rendered":"<p>Lupi faz breve balan&ccedil;o de sua gest&atilde;o durante palestra . &nbsp; Debate foi promovido pela SAE. Gera&ccedil;&atilde;o de empregos, inspe&ccedil;&atilde;o do trabalho e qualifica&ccedil;&atilde;o profissional foram os temas principais &nbsp; Bras&iacute;lia, 21\/12\/2010 &#8211; O ministro do Trabalho e Emprego, Carlos Lupi, participou na manh&atilde; desta ter&ccedil;a-feira (21) do Ciclo de Palestras promovido pela Secretaria de&#8230;<!-- AddThis Advanced Settings generic via filter on wp_trim_excerpt --><!-- AddThis Share Buttons generic via filter on wp_trim_excerpt --><\/p>\n","protected":false},"author":17,"featured_media":21573,"comment_status":"open","ping_status":"open","sticky":false,"template":"","format":"standard","meta":{"_monsterinsights_skip_tracking":false,"_monsterinsights_sitenote_active":false,"_monsterinsights_sitenote_note":"","_monsterinsights_sitenote_category":0,"_uf_show_specific_survey":0,"_uf_disable_surveys":false,"footnotes":""},"categories":[1401],"tags":[196,38],"class_list":["post-21572","post","type-post","status-publish","format-standard","has-post-thumbnail","hentry","category-nacional","tag-carlos-lupi","tag-pdt"],"acf":[],"_links":{"self":[{"href":"https:\/\/pdt-rj.org.br\/index.php\/wp-json\/wp\/v2\/posts\/21572","targetHints":{"allow":["GET"]}}],"collection":[{"href":"https:\/\/pdt-rj.org.br\/index.php\/wp-json\/wp\/v2\/posts"}],"about":[{"href":"https:\/\/pdt-rj.org.br\/index.php\/wp-json\/wp\/v2\/types\/post"}],"author":[{"embeddable":true,"href":"https:\/\/pdt-rj.org.br\/index.php\/wp-json\/wp\/v2\/users\/17"}],"replies":[{"embeddable":true,"href":"https:\/\/pdt-rj.org.br\/index.php\/wp-json\/wp\/v2\/comments?post=21572"}],"version-history":[{"count":0,"href":"https:\/\/pdt-rj.org.br\/index.php\/wp-json\/wp\/v2\/posts\/21572\/revisions"}],"wp:featuredmedia":[{"embeddable":true,"href":"https:\/\/pdt-rj.org.br\/index.php\/wp-json\/wp\/v2\/media\/21573"}],"wp:attachment":[{"href":"https:\/\/pdt-rj.org.br\/index.php\/wp-json\/wp\/v2\/media?parent=21572"}],"wp:term":[{"taxonomy":"category","embeddable":true,"href":"https:\/\/pdt-rj.org.br\/index.php\/wp-json\/wp\/v2\/categories?post=21572"},{"taxonomy":"post_tag","embeddable":true,"href":"https:\/\/pdt-rj.org.br\/index.php\/wp-json\/wp\/v2\/tags?post=21572"}],"curies":[{"name":"wp","href":"https:\/\/api.w.org\/{rel}","templated":true}]}}