{"id":21432,"date":"2010-11-11T13:02:19","date_gmt":"2010-11-11T15:02:19","guid":{"rendered":"http:\/\/pdt-rj.org.br\/index.php\/lupi-e-hora-de-renovar-a-politica-com-a-participacao-da-juventude-2\/"},"modified":"2010-11-11T13:02:19","modified_gmt":"2010-11-11T15:02:19","slug":"lupi-e-hora-de-renovar-a-politica-com-a-participacao-da-juventude-2","status":"publish","type":"post","link":"https:\/\/pdt-rj.org.br\/index.php\/lupi-e-hora-de-renovar-a-politica-com-a-participacao-da-juventude-2\/","title":{"rendered":"Lupi:  \u00e9 hora de renovar a pol\u00edtica com a participa\u00e7\u00e3o da juventude"},"content":{"rendered":"<p>Em reuni\u00e3o de quse cinco horas, esta manh\u00e3 em Bras\u00edlia para avaliar a elei\u00e7\u00e3o de 2010, o PDT decidiu apelar para a juventude brasileira para engajar-se em uma grande mobiliza\u00e7\u00e3o nacional para enfrentar o que considera &#8220;a comercializa\u00e7\u00e3o, em que se transformou a pol\u00edtica&#8221;. Lupi acredita que \u00e9 hora de renovar, com a participa\u00e7\u00e3o dos jovens na pol\u00edtica e no partido. A id\u00e9ia \u00e9 investir na forma\u00e7\u00e3o pol\u00edtica e na filia\u00e7\u00e3o de  jovens ao partido, para que esses contribuam n\u00e3o s\u00f3 para a renova\u00e7\u00e3o, mas para mudar e melhorar o rumo da pol\u00edtica nacional.  <\/p>\n<p>Desde seu presidente, Carlos Lupi at\u00e9 \u00a0os deputados mais novos, como o rec\u00e9m eleito Ant\u00f4nio Reguffe (DF), os deputados e senadores, atuais e futuros, e os membros Diret\u00f3rio Nacional, constaram que, a continuar o ritmo de extors\u00e3o econ\u00f4mica das campanhas eleitorais, o Brasil pode se encaminhar para \u00a0um retrocesso, em que s\u00f3 ter\u00e3o vez os ricos e os corruptos. O Senador Acir Gurgacz (RO) fez um apanhado dos gastos da campanha eleitoral deste ano \u00a0de 2010, concluindo que a m\u00e9dia brasileira correspondeu a R$3,70 para cada pessoa, propor\u00e7\u00e3o que chegou ao paroxismo, em Rond\u00f4nia, de R$ 17,10.<\/p>\n<p>Diante desse quadro, o Partido de Leonel Brizola, que na pr\u00f3xima legislatura, contar\u00e1 com 28 deputados federais, quatro senadores e 76 deputados estaduais, pretende atrair a juventude, o setor mais idealista e vibrante da sociedade, com duas propostas b\u00e1sicas:<\/p>\n<p>1) A revolu\u00e7\u00e3o na educa\u00e7\u00e3o, por meio da dissemina\u00e7\u00e3o de escolas integrais, tendo como como modelo os CIEPs de Brizola;<\/p>\n<p>2) A reforma pol\u00edtica, que propicie o financiamento p\u00fablico total das campanhas, dele excluindo por completo o setor privado, e o voto distrital misto para a elei\u00e7\u00e3o de deputados.\u00a0<\/p>\n<p>O PDT ainda decidiu que vai intensificar sua participa\u00e7\u00e3o no Governo Dilma, a exemplo do que ocorreu nos \u00faltimos anos do Governo Lula, mas com a condi\u00e7\u00e3o poder praticarf pol\u00edticas p\u00fablicas condizentes com suas bandeiras, sobretudo a educa\u00e7\u00e3o \u00a0e o \u00a0nacionalismo.<\/p>\n<p>Todas as posi\u00e7\u00f5es foram acertadas, com base no apoio un\u00e2nime de todos os seus integrantes, em duas reuni\u00f5es. A primeira delas, realizada na noite de ontem, da qual participaram a quase totalidade dos deputados e senadores atuais e \u00a0futuros. A segunda, contou, al\u00e9m das duas bancadas federais, com o concurso dos membros do diret\u00f3rios nacionais e dirigentes estaduais. No final, tanto as Bancadas como o Diret\u00f3rio decidiram indicar o atual ministro do Trabalho, Carlos Lupi, para ocupar um das vagas que couberem ao Partido, de prefer\u00eancia no Minist\u00e9rio do Trabalho.<\/p>\n<p><strong>Centro de Mem\u00f3ria <\/strong>&#8211; No dia anterior, 18 de novembro, foiinaugurado o\u00a0Centro de Mem\u00f3ria do Trabalhador Leonel Brizola, em solenidade a que estiveram, o presidente Luis In\u00e1cio Lula da Silva, na presen\u00e7a do presidente nacional do PDT e ministro do Trabalho, Carlos Lupi, as bancadas pedetistas e membros dos Diret\u00f3rio Nacional. O Centro, que conta com biblioteca, sala de proje\u00e7\u00e3o, exposi\u00e7\u00e3o permanente sobre a Hist\u00f3ria do Trabalho e audit\u00f3rio, fica no Setor de Ind\u00fastria e Abastecimento (SAI), Techo 3, Lt 1240,\u00a0em Bras\u00edlia.<\/p>\n<p> Veja o v\u00eddeo da reuni\u00e3o.<\/p>\n<p>Ascom PDT<\/p>\n<!-- AddThis Advanced Settings generic via filter on the_content --><!-- AddThis Share Buttons generic via filter on the_content -->","protected":false},"excerpt":{"rendered":"<p>Em reuni\u00e3o de quse cinco horas, esta manh\u00e3 em Bras\u00edlia para avaliar a elei\u00e7\u00e3o de 2010, o PDT decidiu apelar para a juventude brasileira para engajar-se em uma grande mobiliza\u00e7\u00e3o nacional para enfrentar o que considera &#8220;a comercializa\u00e7\u00e3o, em que se transformou a pol\u00edtica&#8221;. Lupi acredita que \u00e9 hora de renovar, com a participa\u00e7\u00e3o dos&#8230;<!-- AddThis Advanced Settings generic via filter on wp_trim_excerpt --><!-- AddThis Share Buttons generic via filter on wp_trim_excerpt --><\/p>\n","protected":false},"author":17,"featured_media":21433,"comment_status":"open","ping_status":"open","sticky":false,"template":"","format":"standard","meta":{"_monsterinsights_skip_tracking":false,"_monsterinsights_sitenote_active":false,"_monsterinsights_sitenote_note":"","_monsterinsights_sitenote_category":0,"_uf_show_specific_survey":0,"_uf_disable_surveys":false,"footnotes":""},"categories":[1401],"tags":[196,537,38,1577],"class_list":["post-21432","post","type-post","status-publish","format-standard","has-post-thumbnail","hentry","category-nacional","tag-carlos-lupi","tag-juventude","tag-pdt","tag-politica"],"acf":[],"_links":{"self":[{"href":"https:\/\/pdt-rj.org.br\/index.php\/wp-json\/wp\/v2\/posts\/21432","targetHints":{"allow":["GET"]}}],"collection":[{"href":"https:\/\/pdt-rj.org.br\/index.php\/wp-json\/wp\/v2\/posts"}],"about":[{"href":"https:\/\/pdt-rj.org.br\/index.php\/wp-json\/wp\/v2\/types\/post"}],"author":[{"embeddable":true,"href":"https:\/\/pdt-rj.org.br\/index.php\/wp-json\/wp\/v2\/users\/17"}],"replies":[{"embeddable":true,"href":"https:\/\/pdt-rj.org.br\/index.php\/wp-json\/wp\/v2\/comments?post=21432"}],"version-history":[{"count":0,"href":"https:\/\/pdt-rj.org.br\/index.php\/wp-json\/wp\/v2\/posts\/21432\/revisions"}],"wp:featuredmedia":[{"embeddable":true,"href":"https:\/\/pdt-rj.org.br\/index.php\/wp-json\/wp\/v2\/media\/21433"}],"wp:attachment":[{"href":"https:\/\/pdt-rj.org.br\/index.php\/wp-json\/wp\/v2\/media?parent=21432"}],"wp:term":[{"taxonomy":"category","embeddable":true,"href":"https:\/\/pdt-rj.org.br\/index.php\/wp-json\/wp\/v2\/categories?post=21432"},{"taxonomy":"post_tag","embeddable":true,"href":"https:\/\/pdt-rj.org.br\/index.php\/wp-json\/wp\/v2\/tags?post=21432"}],"curies":[{"name":"wp","href":"https:\/\/api.w.org\/{rel}","templated":true}]}}