{"id":20169,"date":"2010-06-22T00:00:00","date_gmt":"2010-06-22T00:00:00","guid":{"rendered":"http:\/\/www.malungo2.com.br\/pdt\/index.php\/brizola-neto-reassume-lideranca-na-camara"},"modified":"2017-10-26T09:08:14","modified_gmt":"2017-10-26T11:08:14","slug":"brizola-neto-reassume-lideranca-na-camara","status":"publish","type":"post","link":"https:\/\/pdt-rj.org.br\/index.php\/brizola-neto-reassume-lideranca-na-camara\/","title":{"rendered":"Brizola Neto reassume lideran\u00e7a na C\u00e2mara"},"content":{"rendered":"<p><IMG height=229 src=\"\/images\/briznetodiscurso.jpg\" width=250 align=left border=0>Para liderar a bancada at\u00e9 o final do ano, o deputado Brizola Neto(RJ) reassumiu a fun\u00e7\u00e3o de l\u00edder na quinta-feira, 17 de junho. Ele substitui o deputado Dagoberto (MS) que ficou no cargo por um ano, dando continuidade ao acordo feito em 2009 pela lideran\u00e7a compartilhada. Neto ocupou o cargo nos primeiros seis meses de 2009.<BR><BR><STRONG>Perfil&nbsp;<BR><\/STRONG><BR>Por: Brizola Neto <BR><BR>Os caminhos que a vida escolheu e os caminhos que eu escolhi&nbsp;<BR><BR>Nasci em 11 de outubro de 1978, ano em que meu av\u00f4, Leonel Brizola, no ex\u00edlio, recebia o ultimato do governo uruguaio para deixar o pa\u00eds. Dele e de meu outro av\u00f4, o Capit\u00e3o da Aeron\u00e1utica Alfredo Daudt, recebi exemplos de luta e sacrif\u00edcio pelo Brasil e pela democracia. Alfredo Daudt, com a ajuda de outros oficiais e sargentos, impediu a decolagem dos jatos da FAB que bombardeariam o Pal\u00e1cio Piratini, na Campanha da Legalidade. Pondo em risco a carreira e a pr\u00f3pria vida, evitou o assassinato de Brizola e de milhares\u0092de pessoas que, junto com ele, defendiam a Constitui\u00e7\u00e3o e a posse do Presidente Jo\u00e3o Goulart. Um av\u00f4 salvou o outro e os dois salvaram, por algum tempo, o Brasil de uma ditadura. <BR><BR>Menino e adolescente, convivi com as esperan\u00e7as e dificuldades de meu av\u00f4 Brizola no Governo do Rio. Vi seu amor pelos CIEPs, sua revolta com as injusti\u00e7as, vi como sofria sem jamais desanimar frente \u00e0s mentiras e manipula\u00e7\u00f5es da m\u00eddia. E, sobretudo, vi como ele agia com austeridade e honradez com a coisa p\u00fablica. Governador duas vezes, nunca quis morar nos pal\u00e1cios e muito menos queria que seus netos fossem criados num ambiente de luxos e futilidades. <BR><BR>Aos 16 anos, eu queria trabalhar. Outros, talvez, teriam arranjado uma coloca\u00e7\u00e3o para o neto. Ele, com aquele seu jeito t\u00edpico, disse-me:queres trabalhar? Ent\u00e3o vens trabalhar comigo. Quem conheceu meu av\u00f4, sabe que isso estava muito, muito longe de ser emprego tranq\u00fcilo. Nada de hor\u00e1rio folgado, nada de regalias e mordomias. Ser seu secret\u00e1rio foi uma grande experi\u00eancia, embora, com esta idade, muitas vezes eu n\u00e3o entendesse que, quando muitos de meus amigos estavam sainda para a noite e eu ficava do telefone para a m\u00e1quina de escrever e dali para as pastas de arquivo. Eu estava aprendendo que a pol\u00edtica pode e deve ser feita com responsabilidade, dedica\u00e7\u00e3o e coer\u00eancia. <BR><BR>Mas eu n\u00e3o deixei, por isso, de ser, como dizem no Rio e no Sul, um guri. Gostava(que saudade!) de pegar onda, e acabei por tornar-me amigo de v\u00e1rios jovens das favelas da Zona Sul. Se tinha gente metida que torcia o nariz ao meu sobrenome Brizola, com eles s\u00f3 rolou identidade. O que Leonel Brizola dizia sobre a discrimina\u00e7\u00e3o contra os pobres, sobre falta de perspectivas de uma vida digna, com trabalho e educa\u00e7\u00e3o para todos, eles sentiam na pele. Desta amizade acabou nascendo o Favela Surf Club, onde jovens do Cantagalo e do Pav\u00e3o-Pav\u00e3ozinho aprendem a surfar e a fabricar e consertar pranchas. Na Rocinha, participei do projeto Casa de Cultura, que oferecia aulas de pintura, m\u00fasica, computa\u00e7\u00e3o e dan\u00e7a para as crian\u00e7as da comunidade. <BR><BR>O desejo de transformar essas duas experi\u00eancias em milit\u00e2ncia pol\u00edtica veio, ent\u00e3o, naturalmente para mim. <BR><BR>Depois de quase dez anos diariamente ao lado, tive de conviver com a dor de sua morte. Quando a fam\u00edlia me escolheu para, diante do Pal\u00e1cio do Catete e de uma multid\u00e3o, homenage\u00e1-lo com a leitura da Carta Testamento de Vargas,a emo\u00e7\u00e3o deu lugar a uma certeza profunda do meu dever. E me determinei a cumpri-lo. <BR><BR>Em 2004, fui eleito vereador da cidade do Rio de Janeiro, que exerci princ\u00edpios de \u00e9tica e moral que herdei de meu av\u00f4 procurando fazer de meu mandato uma ferramenta da luta pela educa\u00e7\u00e3o e pelo trabalhador. Eleito deputado federal em 2006, segui com as mesmas refer\u00eancias hist\u00f3ricas e tentando aprender mais. Cheguei,em 2009, aos 30 anos, \u00e0 posi\u00e7\u00e3o de l\u00edder da bancada do PDT na C\u00e2mara dos Deputados. A vida tem me ensinado que a for\u00e7a da juventude e o equil\u00edbrio da idade n\u00e3o se contradizem, e boa parte dessa li\u00e7\u00e3o eu tenho aprendido com o casamento com Julia e com a delicadeza de minha Maria Clara, que completou seu primeiro aninho em maio. <BR>O nome que carrego \u00e9 uma bandeira. \u00c9 um s\u00edmbolo para milh\u00f5es de pessoas que sonham com um Brasil diferente, com um Brasil com justi\u00e7a, com trabalho,com progresso para nosso povo. <BR><BR>Defender este pa\u00eds \u00e9 ser nacionalista; defender este povo \u00e9 ser trabalhista. E lutar por isso a vida inteira, sem jamais esmorecer, \u00e9 ser Brizola. <BR><BR><BR><\/p>\n<!-- AddThis Advanced Settings generic via filter on the_content --><!-- AddThis Share Buttons generic via filter on the_content -->","protected":false},"excerpt":{"rendered":"<p>Para liderar a bancada at\u00e9 o final do ano, o deputado Brizola Neto(RJ) reassumiu a fun\u00e7\u00e3o de l\u00edder na quinta-feira, 17 de junho. Ele substitui o deputado Dagoberto (MS) que ficou no cargo por um ano, dando continuidade ao acordo feito em 2009 pela lideran\u00e7a compartilhada. Neto ocupou o cargo nos primeiros seis meses de&#8230;<!-- AddThis Advanced Settings generic via filter on wp_trim_excerpt --><!-- AddThis Share Buttons generic via filter on wp_trim_excerpt --><\/p>\n","protected":false},"author":17,"featured_media":0,"comment_status":"closed","ping_status":"open","sticky":false,"template":"","format":"standard","meta":{"_monsterinsights_skip_tracking":false,"_monsterinsights_sitenote_active":false,"_monsterinsights_sitenote_note":"","_monsterinsights_sitenote_category":0,"_uf_show_specific_survey":0,"_uf_disable_surveys":false,"footnotes":""},"categories":[976],"tags":[],"class_list":["post-20169","post","type-post","status-publish","format-standard","hentry","category-noticias-em-destaque"],"acf":[],"_links":{"self":[{"href":"https:\/\/pdt-rj.org.br\/index.php\/wp-json\/wp\/v2\/posts\/20169","targetHints":{"allow":["GET"]}}],"collection":[{"href":"https:\/\/pdt-rj.org.br\/index.php\/wp-json\/wp\/v2\/posts"}],"about":[{"href":"https:\/\/pdt-rj.org.br\/index.php\/wp-json\/wp\/v2\/types\/post"}],"author":[{"embeddable":true,"href":"https:\/\/pdt-rj.org.br\/index.php\/wp-json\/wp\/v2\/users\/17"}],"replies":[{"embeddable":true,"href":"https:\/\/pdt-rj.org.br\/index.php\/wp-json\/wp\/v2\/comments?post=20169"}],"version-history":[{"count":1,"href":"https:\/\/pdt-rj.org.br\/index.php\/wp-json\/wp\/v2\/posts\/20169\/revisions"}],"predecessor-version":[{"id":56444,"href":"https:\/\/pdt-rj.org.br\/index.php\/wp-json\/wp\/v2\/posts\/20169\/revisions\/56444"}],"wp:attachment":[{"href":"https:\/\/pdt-rj.org.br\/index.php\/wp-json\/wp\/v2\/media?parent=20169"}],"wp:term":[{"taxonomy":"category","embeddable":true,"href":"https:\/\/pdt-rj.org.br\/index.php\/wp-json\/wp\/v2\/categories?post=20169"},{"taxonomy":"post_tag","embeddable":true,"href":"https:\/\/pdt-rj.org.br\/index.php\/wp-json\/wp\/v2\/tags?post=20169"}],"curies":[{"name":"wp","href":"https:\/\/api.w.org\/{rel}","templated":true}]}}