{"id":20168,"date":"2010-06-15T00:00:00","date_gmt":"2010-06-15T03:00:00","guid":{"rendered":"http:\/\/www.malungo2.com.br\/pdt\/index.php\/tv-ulb-nesta-segunda-vida-e-obra-de-leonel-brizola"},"modified":"2017-01-26T14:02:16","modified_gmt":"2017-01-26T16:02:16","slug":"tv-ulb-nesta-segunda-vida-e-obra-de-leonel-brizola","status":"publish","type":"post","link":"https:\/\/pdt-rj.org.br\/index.php\/tv-ulb-nesta-segunda-vida-e-obra-de-leonel-brizola\/","title":{"rendered":"TV ULB: nesta segunda, vida e obra de Leonel Brizola"},"content":{"rendered":"<p>Assista: <A href=\"http:\/\/www.youtube.com\/pdtms12\">http:\/\/www.youtube.com\/pdtms12<\/A><BR><BR>Conven\u00e7\u00e3o Nacional do PDT ratificou no s\u00e1bado indicativo de apoio a ex-ministra Dilma Rousseff, pr\u00e9-candidata \u00e0 Presid\u00eancia da Rep\u00fablica. Fique de olho na sua TV ULB, pois na pr\u00f3xima segunda-feira nosso programa ser\u00e1 especial: voc\u00ea vai assistir um compacto da conven\u00e7\u00e3o. <BR><BR>Bom, mas hoje, a programa\u00e7\u00e3o n\u00e3o menos atrativa, traz uma excelente not\u00edcia para todos os pedetistas brasileiros: lei sancionada tomba por seu valor hist\u00f3rico, urban\u00edstico e social, os 97 CIEPs da capital carioca. <BR><BR>Veja no especial sobre os CIEPS: mais de 500 foram constru\u00eddos por Brizola em todo o estado do Rio de Janeiro. <BR><BR>Voc\u00ea j\u00e1 conhece a ordem de vota\u00e7\u00e3o das urnas eletr\u00f4nicas? E por acaso sabia que nesta elei\u00e7\u00e3o v\u00e3o ser mostrados tamb\u00e9m na hora do voto a fotografia dos suplentes de senadores? Novidades que voc\u00ea assiste no nosso boletim eleitoral A For\u00e7a do Povo. <BR><BR>Ainda em pauta, o V Congresso nacional da AMT. Fez parte do f\u00f3rum de debates, uma mesa de discuss\u00e3o com o tema \u0093Diversidade \u0096 Construindo o respeito \u00e0s diferen\u00e7as\u0094, com abordagens sobre Direitos Humanos e Cidadania LGBT (L\u00e9sbicas, Gays, Bissexuais e Travestis). <BR><BR>E tem mais uma boa not\u00edcia da pauta trabalhista: proposta que cria o piso salarial dos policiais civis e militares e dos bombeiro deve ser votada amanh\u00e3 na C\u00e2mara Federal. <BR><BR>Aproveite. Bom Programa.&nbsp;<BR><BR><A href=\"http:\/\/www.youtube.com\/pdtms12\">http:\/\/www.youtube.com\/pdtms12<\/A><\/p>\n<!-- AddThis Advanced Settings generic via filter on the_content --><!-- AddThis Share Buttons generic via filter on the_content -->","protected":false},"excerpt":{"rendered":"<p>Assista: http:\/\/www.youtube.com\/pdtms12Conven\u00e7\u00e3o Nacional do PDT ratificou no s\u00e1bado indicativo de apoio a ex-ministra Dilma Rousseff, pr\u00e9-candidata \u00e0 Presid\u00eancia da Rep\u00fablica. Fique de olho na sua TV ULB, pois na pr\u00f3xima segunda-feira nosso programa ser\u00e1 especial: voc\u00ea vai assistir um compacto da conven\u00e7\u00e3o. Bom, mas hoje, a programa\u00e7\u00e3o n\u00e3o menos atrativa, traz uma excelente not\u00edcia para&#8230;<!-- AddThis Advanced Settings generic via filter on wp_trim_excerpt --><!-- AddThis Share Buttons generic via filter on wp_trim_excerpt --><\/p>\n","protected":false},"author":17,"featured_media":0,"comment_status":"closed","ping_status":"closed","sticky":false,"template":"","format":"standard","meta":{"_monsterinsights_skip_tracking":false,"_monsterinsights_sitenote_active":false,"_monsterinsights_sitenote_note":"","_monsterinsights_sitenote_category":0,"_uf_show_specific_survey":0,"_uf_disable_surveys":false,"footnotes":""},"categories":[1401],"tags":[],"class_list":["post-20168","post","type-post","status-publish","format-standard","hentry","category-nacional"],"acf":[],"_links":{"self":[{"href":"https:\/\/pdt-rj.org.br\/index.php\/wp-json\/wp\/v2\/posts\/20168","targetHints":{"allow":["GET"]}}],"collection":[{"href":"https:\/\/pdt-rj.org.br\/index.php\/wp-json\/wp\/v2\/posts"}],"about":[{"href":"https:\/\/pdt-rj.org.br\/index.php\/wp-json\/wp\/v2\/types\/post"}],"author":[{"embeddable":true,"href":"https:\/\/pdt-rj.org.br\/index.php\/wp-json\/wp\/v2\/users\/17"}],"replies":[{"embeddable":true,"href":"https:\/\/pdt-rj.org.br\/index.php\/wp-json\/wp\/v2\/comments?post=20168"}],"version-history":[{"count":1,"href":"https:\/\/pdt-rj.org.br\/index.php\/wp-json\/wp\/v2\/posts\/20168\/revisions"}],"predecessor-version":[{"id":52528,"href":"https:\/\/pdt-rj.org.br\/index.php\/wp-json\/wp\/v2\/posts\/20168\/revisions\/52528"}],"wp:attachment":[{"href":"https:\/\/pdt-rj.org.br\/index.php\/wp-json\/wp\/v2\/media?parent=20168"}],"wp:term":[{"taxonomy":"category","embeddable":true,"href":"https:\/\/pdt-rj.org.br\/index.php\/wp-json\/wp\/v2\/categories?post=20168"},{"taxonomy":"post_tag","embeddable":true,"href":"https:\/\/pdt-rj.org.br\/index.php\/wp-json\/wp\/v2\/tags?post=20168"}],"curies":[{"name":"wp","href":"https:\/\/api.w.org\/{rel}","templated":true}]}}