{"id":20164,"date":"2010-06-08T00:00:00","date_gmt":"2010-06-08T00:00:00","guid":{"rendered":"http:\/\/www.malungo2.com.br\/pdt\/index.php\/tv-ulb-movimentos-se-preparam-para-a-convencao"},"modified":"2017-01-19T15:47:25","modified_gmt":"2017-01-19T17:47:25","slug":"tv-ulb-movimentos-se-preparam-para-a-convencao","status":"publish","type":"post","link":"https:\/\/pdt-rj.org.br\/index.php\/tv-ulb-movimentos-se-preparam-para-a-convencao\/","title":{"rendered":"TV ULB: movimentos se preparam para a Conven\u00e7\u00e3o"},"content":{"rendered":"<p>Enquanto o PDT Nacional prepara a sua Conven\u00e7\u00e3o Nacional para a aprova\u00e7\u00e3o do indicativo de apoio ao nome da ex-ministra da Casa Civil e pr\u00e9-candidata \u00e0 Presid\u00eancia da Rep\u00fablica, Dilma Rousseff, a A\u00e7\u00e3o da Mulher Trabalhista (AMT) arrega\u00e7a as mangas e tamb\u00e9m se prepara para a campanha da ex-pedetista, defensora leg\u00edtima dos direitos de g\u00eanero.<\/p>\n<p>O V Congresso Nacional da AMT, que reuniu mais de mil\u00a0mulheres\u00a0em Belo Horizonte, lan\u00e7ou o olhar trabalhista sobre a diversidade que nos cerca, conclamando o respeito \u00e0 diferen\u00e7a, ao direito reprodutivo, ao combate \u00e0 viol\u00eancia e ao empoderamento da mulher.<\/p>\n<p>Em pauta, ainda, o Movimento Sindical: Fique atento \u00e0\u00a0palestra de Marcos Verlaine, assessor do Departamento Intersindical de Assessoria Parlamentar (Diap). Al\u00e9m de um balan\u00e7o do Governo Lula, sobre a \u00f3tica da classe trabalhadora, ele fala sobre a agenda positiva constru\u00edda pelos sindicalistas e aponta os desafios do Movimento Sindical em ano eleitoral.<\/p>\n<p>Veja tamb\u00e9m, na sua TV ULB: parlamentares do PDT crescem aos olhos do Diap, mais de um ter\u00e7o\u00a0da nossa bancada na C\u00e2mara e no Senado faz parte do ranking dos 100 mais influentes parlamentares do Brasil.<\/p>\n<p>J\u00e1 a Juventude Socialista do PDT d\u00e1 o exemplo e convida representantes dos partidos de esquerda para discutirem, em Bras\u00edlia, o futuro que se quer para o Distrito Federal.<\/p>\n<!-- AddThis Advanced Settings generic via filter on the_content --><!-- AddThis Share Buttons generic via filter on the_content -->","protected":false},"excerpt":{"rendered":"<p>Enquanto o PDT Nacional prepara a sua Conven\u00e7\u00e3o Nacional para a aprova\u00e7\u00e3o do indicativo de apoio ao nome da ex-ministra da Casa Civil e pr\u00e9-candidata \u00e0 Presid\u00eancia da Rep\u00fablica, Dilma Rousseff, a A\u00e7\u00e3o da Mulher Trabalhista (AMT) arrega\u00e7a as mangas e tamb\u00e9m se prepara para a campanha da ex-pedetista, defensora leg\u00edtima dos direitos de g\u00eanero&#8230;.<!-- AddThis Advanced Settings generic via filter on wp_trim_excerpt --><!-- AddThis Share Buttons generic via filter on wp_trim_excerpt --><\/p>\n","protected":false},"author":17,"featured_media":0,"comment_status":"closed","ping_status":"open","sticky":false,"template":"","format":"standard","meta":{"_monsterinsights_skip_tracking":false,"_monsterinsights_sitenote_active":false,"_monsterinsights_sitenote_note":"","_monsterinsights_sitenote_category":0,"_uf_show_specific_survey":0,"_uf_disable_surveys":false,"footnotes":""},"categories":[1585,1397],"tags":[87,111,1918],"class_list":["post-20164","post","type-post","status-publish","format-standard","hentry","category-amt","category-movimentos","tag-acao-da-mulher-trabalhista","tag-amt","tag-diversidade"],"acf":[],"_links":{"self":[{"href":"https:\/\/pdt-rj.org.br\/index.php\/wp-json\/wp\/v2\/posts\/20164","targetHints":{"allow":["GET"]}}],"collection":[{"href":"https:\/\/pdt-rj.org.br\/index.php\/wp-json\/wp\/v2\/posts"}],"about":[{"href":"https:\/\/pdt-rj.org.br\/index.php\/wp-json\/wp\/v2\/types\/post"}],"author":[{"embeddable":true,"href":"https:\/\/pdt-rj.org.br\/index.php\/wp-json\/wp\/v2\/users\/17"}],"replies":[{"embeddable":true,"href":"https:\/\/pdt-rj.org.br\/index.php\/wp-json\/wp\/v2\/comments?post=20164"}],"version-history":[{"count":3,"href":"https:\/\/pdt-rj.org.br\/index.php\/wp-json\/wp\/v2\/posts\/20164\/revisions"}],"predecessor-version":[{"id":52385,"href":"https:\/\/pdt-rj.org.br\/index.php\/wp-json\/wp\/v2\/posts\/20164\/revisions\/52385"}],"wp:attachment":[{"href":"https:\/\/pdt-rj.org.br\/index.php\/wp-json\/wp\/v2\/media?parent=20164"}],"wp:term":[{"taxonomy":"category","embeddable":true,"href":"https:\/\/pdt-rj.org.br\/index.php\/wp-json\/wp\/v2\/categories?post=20164"},{"taxonomy":"post_tag","embeddable":true,"href":"https:\/\/pdt-rj.org.br\/index.php\/wp-json\/wp\/v2\/tags?post=20164"}],"curies":[{"name":"wp","href":"https:\/\/api.w.org\/{rel}","templated":true}]}}