{"id":20161,"date":"2010-05-25T00:00:00","date_gmt":"2010-05-25T00:00:00","guid":{"rendered":"http:\/\/www.malungo2.com.br\/pdt\/index.php\/pdt-faz-hoje-em-sao-paulo-a-sua-convencao-nacional"},"modified":"2017-10-26T09:08:15","modified_gmt":"2017-10-26T11:08:15","slug":"12-faz-hoje-em-sao-paulo-a-sua-convencao-nacional","status":"publish","type":"post","link":"https:\/\/pdt-rj.org.br\/index.php\/12-faz-hoje-em-sao-paulo-a-sua-convencao-nacional\/","title":{"rendered":"PDT faz hoje em S\u00e3o Paulo a sua  Conven\u00e7\u00e3o Nacional"},"content":{"rendered":"<p><P>Hoje, <IMG height=209 src=\"\/images\/convencao.sp.2010.jpg\" width=350 align=left border=0>12 de junho, o partido&nbsp;realiza sua Conven\u00e7\u00e3o Nacional na cidade de S\u00e3o Paulo\/SP, no Espa\u00e7o das Am\u00e9ricas, que fica situado na Rua Tagipuru, 795 \u0096 Barra Funda. A Conven\u00e7\u00e3o come\u00e7ar\u00e1 \u00e0s 10 da manh\u00e3, com a&nbsp;seguinte Ordem do Dia: 1) decidir sobre a escolha dos candidatos do PDT a Presidente e Vice-Presidente da Rep\u00fablica; 2) decidir sobre alian\u00e7as e&nbsp; coliga\u00e7\u00f5es; 3) assuntos Gerais e encerramento da Conven\u00e7\u00e3o Nacional, conforme determina a Resolu\u00e7\u00e3o n\u00ba 23.221 do TSE.&nbsp;<BR><BR>Al\u00e9m da conven\u00e7\u00e3o, ser\u00e3o celebrados os 30 anos de funda\u00e7\u00e3o do PDT e est\u00e3o confirmadas as presen\u00e7as do presidente da Rep\u00fablica, Luiz In\u00e1cio Lula da Silva e da pr\u00e9-candidata Dilma Roussef, por volta das 11 horas.<BR><BR><BR><BR><BR><\/P>&nbsp;&nbsp;&nbsp;&nbsp;&nbsp;&nbsp;&nbsp;&nbsp;<BR><BR><IMG height=229 src=\"\/images\/convencao.sp.2.2010.jpg\" width=350 align=right border=0><BR><BR>&nbsp;&nbsp;&nbsp;&nbsp;Veja no mapa, onde se localiza&nbsp;o Espa\u00e7o das Am\u00e9ricas, em S\u00e3o Paulo<\/p>\n<!-- AddThis Advanced Settings generic via filter on the_content --><!-- AddThis Share Buttons generic via filter on the_content -->","protected":false},"excerpt":{"rendered":"<p>Hoje, 12 de junho, o partido&nbsp;realiza sua Conven\u00e7\u00e3o Nacional na cidade de S\u00e3o Paulo\/SP, no Espa\u00e7o das Am\u00e9ricas, que fica situado na Rua Tagipuru, 795 \u0096 Barra Funda. A Conven\u00e7\u00e3o come\u00e7ar\u00e1 \u00e0s 10 da manh\u00e3, com a&nbsp;seguinte Ordem do Dia: 1) decidir sobre a escolha dos candidatos do PDT a Presidente e Vice-Presidente da Rep\u00fablica;&#8230;<!-- AddThis Advanced Settings generic via filter on wp_trim_excerpt --><!-- AddThis Share Buttons generic via filter on wp_trim_excerpt --><\/p>\n","protected":false},"author":17,"featured_media":0,"comment_status":"closed","ping_status":"open","sticky":false,"template":"","format":"standard","meta":{"_monsterinsights_skip_tracking":false,"_monsterinsights_sitenote_active":false,"_monsterinsights_sitenote_note":"","_monsterinsights_sitenote_category":0,"_uf_show_specific_survey":0,"_uf_disable_surveys":false,"footnotes":""},"categories":[976],"tags":[],"class_list":["post-20161","post","type-post","status-publish","format-standard","hentry","category-noticias-em-destaque"],"acf":[],"_links":{"self":[{"href":"https:\/\/pdt-rj.org.br\/index.php\/wp-json\/wp\/v2\/posts\/20161","targetHints":{"allow":["GET"]}}],"collection":[{"href":"https:\/\/pdt-rj.org.br\/index.php\/wp-json\/wp\/v2\/posts"}],"about":[{"href":"https:\/\/pdt-rj.org.br\/index.php\/wp-json\/wp\/v2\/types\/post"}],"author":[{"embeddable":true,"href":"https:\/\/pdt-rj.org.br\/index.php\/wp-json\/wp\/v2\/users\/17"}],"replies":[{"embeddable":true,"href":"https:\/\/pdt-rj.org.br\/index.php\/wp-json\/wp\/v2\/comments?post=20161"}],"version-history":[{"count":1,"href":"https:\/\/pdt-rj.org.br\/index.php\/wp-json\/wp\/v2\/posts\/20161\/revisions"}],"predecessor-version":[{"id":56451,"href":"https:\/\/pdt-rj.org.br\/index.php\/wp-json\/wp\/v2\/posts\/20161\/revisions\/56451"}],"wp:attachment":[{"href":"https:\/\/pdt-rj.org.br\/index.php\/wp-json\/wp\/v2\/media?parent=20161"}],"wp:term":[{"taxonomy":"category","embeddable":true,"href":"https:\/\/pdt-rj.org.br\/index.php\/wp-json\/wp\/v2\/categories?post=20161"},{"taxonomy":"post_tag","embeddable":true,"href":"https:\/\/pdt-rj.org.br\/index.php\/wp-json\/wp\/v2\/tags?post=20161"}],"curies":[{"name":"wp","href":"https:\/\/api.w.org\/{rel}","templated":true}]}}