{"id":20159,"date":"2010-05-25T00:00:00","date_gmt":"2010-05-25T00:00:00","guid":{"rendered":"http:\/\/www.malungo2.com.br\/pdt\/index.php\/senadores-reverenciam-memoria-de-jefferson-peres"},"modified":"2017-10-26T09:08:15","modified_gmt":"2017-10-26T11:08:15","slug":"senadores-reverenciam-memoria-de-jefferson-peres","status":"publish","type":"post","link":"https:\/\/pdt-rj.org.br\/index.php\/senadores-reverenciam-memoria-de-jefferson-peres\/","title":{"rendered":"Senadores reverenciam mem\u00f3ria de Jefferson P\u00e9res"},"content":{"rendered":"<p>O Senado Federal realiza nesta quarta-feira, 26 de maio, Sess\u00e3o Solene em homenagem \u00e0 mem\u00f3ria do senador Jeferson P\u00e9res, pela passagem dos dois anos de sua morte. A sess\u00e3o foi requerida pelo senador Jefferson Praia(PDT-AM)<BR><BR><\/p>\n<!-- AddThis Advanced Settings generic via filter on the_content --><!-- AddThis Share Buttons generic via filter on the_content -->","protected":false},"excerpt":{"rendered":"<p>O Senado Federal realiza nesta quarta-feira, 26 de maio, Sess\u00e3o Solene em homenagem \u00e0 mem\u00f3ria do senador Jeferson P\u00e9res, pela passagem dos dois anos de sua morte. A sess\u00e3o foi requerida pelo senador Jefferson Praia(PDT-AM)<!-- AddThis Advanced Settings generic via filter on wp_trim_excerpt --><!-- AddThis Share Buttons generic via filter on wp_trim_excerpt --><\/p>\n","protected":false},"author":17,"featured_media":0,"comment_status":"closed","ping_status":"open","sticky":false,"template":"","format":"standard","meta":{"_monsterinsights_skip_tracking":false,"_monsterinsights_sitenote_active":false,"_monsterinsights_sitenote_note":"","_monsterinsights_sitenote_category":0,"_uf_show_specific_survey":0,"_uf_disable_surveys":false,"footnotes":""},"categories":[976],"tags":[],"class_list":["post-20159","post","type-post","status-publish","format-standard","hentry","category-noticias-em-destaque"],"acf":[],"_links":{"self":[{"href":"https:\/\/pdt-rj.org.br\/index.php\/wp-json\/wp\/v2\/posts\/20159","targetHints":{"allow":["GET"]}}],"collection":[{"href":"https:\/\/pdt-rj.org.br\/index.php\/wp-json\/wp\/v2\/posts"}],"about":[{"href":"https:\/\/pdt-rj.org.br\/index.php\/wp-json\/wp\/v2\/types\/post"}],"author":[{"embeddable":true,"href":"https:\/\/pdt-rj.org.br\/index.php\/wp-json\/wp\/v2\/users\/17"}],"replies":[{"embeddable":true,"href":"https:\/\/pdt-rj.org.br\/index.php\/wp-json\/wp\/v2\/comments?post=20159"}],"version-history":[{"count":1,"href":"https:\/\/pdt-rj.org.br\/index.php\/wp-json\/wp\/v2\/posts\/20159\/revisions"}],"predecessor-version":[{"id":56449,"href":"https:\/\/pdt-rj.org.br\/index.php\/wp-json\/wp\/v2\/posts\/20159\/revisions\/56449"}],"wp:attachment":[{"href":"https:\/\/pdt-rj.org.br\/index.php\/wp-json\/wp\/v2\/media?parent=20159"}],"wp:term":[{"taxonomy":"category","embeddable":true,"href":"https:\/\/pdt-rj.org.br\/index.php\/wp-json\/wp\/v2\/categories?post=20159"},{"taxonomy":"post_tag","embeddable":true,"href":"https:\/\/pdt-rj.org.br\/index.php\/wp-json\/wp\/v2\/tags?post=20159"}],"curies":[{"name":"wp","href":"https:\/\/api.w.org\/{rel}","templated":true}]}}