{"id":20156,"date":"2010-05-24T00:00:00","date_gmt":"2010-05-24T00:00:00","guid":{"rendered":"http:\/\/www.malungo2.com.br\/pdt\/index.php\/partido-celebrou-os-seus-30-anos-de-fundacao"},"modified":"2017-10-26T09:08:16","modified_gmt":"2017-10-26T11:08:16","slug":"partido-celebrou-os-seus-30-anos-de-fundacao","status":"publish","type":"post","link":"https:\/\/pdt-rj.org.br\/index.php\/partido-celebrou-os-seus-30-anos-de-fundacao\/","title":{"rendered":"Partido celebrou os seus 30 anos de funda\u00e7\u00e3o"},"content":{"rendered":"<p>&nbsp;&nbsp;&nbsp;&nbsp;<br \/>\n<DIV>O Partido Democr\u00e1tico Trabalhista (PDT) celebra esta semana, no dia 26, os seus 30 anos de funda\u00e7\u00e3o.&nbsp; A sigla PDT foi escolhida por Leonel&nbsp; Brizola depois que o Tribunal Superior Eleitoral (TSE) decidiu, a pedido do general Golbery do Couto e Silva, ent\u00e3o poderoso chefe do Gabinete Civil da Presid\u00eancia da Rep\u00fablica, entregar a hist\u00f3rica legenda do Partido Trabalhista Brasileiro (PTB) \u0096 fundado por Get\u00falio Vargas &#8211; a at\u00e9 ent\u00e3o desconhecida&nbsp; Yvete Vargas.<BR>&nbsp;<BR><\/DIV><br \/>\n<DIV>Brizola, em uma entrevista coletiva, rasgou um papel com a sigla PTB escrita a caneta, chorou, e a partir dali, imediatamente, reagindo a um dos \u00faltimos estertores da ditadura, fundou o PDT. O ato foi registrado por Carlos Drummond de Andrade, com um <U><STRONG><A href=\"\/paginas.asp?id=516\" target=_blank>poema<\/A>.<\/STRONG><BR><BR><\/U><\/DIV><br \/>\n<DIV>O PTB vinha sendo organizado por Brizola desde 1979 quando, com a ajuda do presidente portugu\u00eas M\u00e1rio Soares, realizou na capital portuguesa uma grande reuni\u00e3o reunindo trabalhistas brasileiros que estavam no ex\u00edlio e no Brasil, no Encontro de Lisboa. Naquela ocasi\u00e3o, Brizola, fechando o encontro, com&nbsp;<U>um longo <A href=\"\/paginas.asp?id=517\" target=_blank><STRONG>discurso<\/STRONG><\/A><\/U>, falou sobre o partido que pretendia recriar no Brasil.<\/DIV><br \/>\n<DIV>&nbsp;<\/DIV><br \/>\n<DIV>A perda da sigla do PTB foi traum\u00e1tica, mas foi o ponto de partida para a cria\u00e7\u00e3o do PDT que, dois anos depois, levaria Brizola a vencer as elei\u00e7\u00f5es de governador no Rio de Janeiro de forma espetacular, contra tudo e contra todos, revigorando o<STRONG><A href=\"\/paginas.asp?id=518\" target=_blank> <\/A><\/STRONG><U><STRONG><A href=\"\/paginas.asp?id=518\" target=_blank>Trabalhismo<\/A><\/STRONG> <\/U>brasileiro que, em mat\u00e9ria anexa, \u00e9 analisado pelo cientista pol\u00edtico Jorge Ferreira, em palestra que fez por volta de 2.000 na sede da Funda\u00e7\u00e3o Alberto Pasqualini, no Rio.&nbsp;<BR><BR><A href=\"http:\/\/pdt12.locaweb.com.br\/paginas.asp?id=129\" target=_blank><STRONG>Leia mais sobre Leonel Brizola&nbsp;&nbsp;&nbsp;&nbsp;<\/STRONG><\/A><\/DIV>&nbsp;&nbsp;&nbsp;&nbsp;&nbsp;&nbsp;&nbsp;&nbsp;&nbsp;&nbsp;&nbsp;&nbsp;&nbsp;&nbsp;&nbsp;&nbsp;<\/p>\n<!-- AddThis Advanced Settings generic via filter on the_content --><!-- AddThis Share Buttons generic via filter on the_content -->","protected":false},"excerpt":{"rendered":"<p>&nbsp;&nbsp;&nbsp;&nbsp; O Partido Democr\u00e1tico Trabalhista (PDT) celebra esta semana, no dia 26, os seus 30 anos de funda\u00e7\u00e3o.&nbsp; A sigla PDT foi escolhida por Leonel&nbsp; Brizola depois que o Tribunal Superior Eleitoral (TSE) decidiu, a pedido do general Golbery do Couto e Silva, ent\u00e3o poderoso chefe do Gabinete Civil da Presid\u00eancia da Rep\u00fablica, entregar a&#8230;<!-- AddThis Advanced Settings generic via filter on wp_trim_excerpt --><!-- AddThis Share Buttons generic via filter on wp_trim_excerpt --><\/p>\n","protected":false},"author":17,"featured_media":0,"comment_status":"closed","ping_status":"open","sticky":false,"template":"","format":"standard","meta":{"_monsterinsights_skip_tracking":false,"_monsterinsights_sitenote_active":false,"_monsterinsights_sitenote_note":"","_monsterinsights_sitenote_category":0,"_uf_show_specific_survey":0,"_uf_disable_surveys":false,"footnotes":""},"categories":[976],"tags":[],"class_list":["post-20156","post","type-post","status-publish","format-standard","hentry","category-noticias-em-destaque"],"acf":[],"_links":{"self":[{"href":"https:\/\/pdt-rj.org.br\/index.php\/wp-json\/wp\/v2\/posts\/20156","targetHints":{"allow":["GET"]}}],"collection":[{"href":"https:\/\/pdt-rj.org.br\/index.php\/wp-json\/wp\/v2\/posts"}],"about":[{"href":"https:\/\/pdt-rj.org.br\/index.php\/wp-json\/wp\/v2\/types\/post"}],"author":[{"embeddable":true,"href":"https:\/\/pdt-rj.org.br\/index.php\/wp-json\/wp\/v2\/users\/17"}],"replies":[{"embeddable":true,"href":"https:\/\/pdt-rj.org.br\/index.php\/wp-json\/wp\/v2\/comments?post=20156"}],"version-history":[{"count":1,"href":"https:\/\/pdt-rj.org.br\/index.php\/wp-json\/wp\/v2\/posts\/20156\/revisions"}],"predecessor-version":[{"id":56452,"href":"https:\/\/pdt-rj.org.br\/index.php\/wp-json\/wp\/v2\/posts\/20156\/revisions\/56452"}],"wp:attachment":[{"href":"https:\/\/pdt-rj.org.br\/index.php\/wp-json\/wp\/v2\/media?parent=20156"}],"wp:term":[{"taxonomy":"category","embeddable":true,"href":"https:\/\/pdt-rj.org.br\/index.php\/wp-json\/wp\/v2\/categories?post=20156"},{"taxonomy":"post_tag","embeddable":true,"href":"https:\/\/pdt-rj.org.br\/index.php\/wp-json\/wp\/v2\/tags?post=20156"}],"curies":[{"name":"wp","href":"https:\/\/api.w.org\/{rel}","templated":true}]}}