{"id":20155,"date":"2010-05-21T00:00:00","date_gmt":"2010-05-21T00:00:00","guid":{"rendered":"http:\/\/www.malungo2.com.br\/pdt\/index.php\/tv-ulb-nesta-segunda-245-fala-de-caged-e-de-ficha-limpa"},"modified":"2017-10-26T09:08:16","modified_gmt":"2017-10-26T11:08:16","slug":"tv-ulb-nesta-segunda-245-fala-de-caged-e-de-ficha-limpa","status":"publish","type":"post","link":"https:\/\/pdt-rj.org.br\/index.php\/tv-ulb-nesta-segunda-245-fala-de-caged-e-de-ficha-limpa\/","title":{"rendered":"TV ULB, nesta segunda (24\/5), fala de Caged e de Ficha Limpa"},"content":{"rendered":"<p><DIV>Quando cada um de n\u00f3s passa a atuar politicamente, acompanha com aten\u00e7\u00e3o o que acontece em nossa volta e a se importa com as injusti\u00e7as que ainda perduram, o cen\u00e1rio brasileiro come\u00e7a a mudar. Comprove no nosso programa.<\/DIV><br \/>\n<DIV>&nbsp;<\/DIV><br \/>\n<DIV>Pauta trabalhista, que acaba com o fim do fator previdenci\u00e1rio, reajusta os aposentados e o sal\u00e1rio m\u00ednimo, para o ano que vem, \u00e9 aprovada no Congresso, e de lambuja passa tamb\u00e9m o Ficha Limpa. Projetos que agora seguem para a san\u00e7\u00e3o do presidente Lula.<BR><\/DIV><br \/>\n<DIV>Cada vez mais otimista, o ministro e presidente Carlos Lupi fala dos novos n\u00fameros do Caged e reafirma que n\u00e3o tem d\u00favida e, muito menos, medo do crescimento do Brasil.<\/DIV><br \/>\n<DIV>Sucesso total: movimento sindicalista do PDT mostra a sua for\u00e7a.<\/DIV><br \/>\n<DIV>&nbsp;<\/DIV><br \/>\n<DIV>Mais de 1.200 lideran\u00e7as participaram de encontro em Bras\u00edlia, definindo estrat\u00e9gias para este ano de embate eleitoral. O deputado Paulinho, presidente da For\u00e7a Sindical, faz um vigoroso apelo aos trabalhadores, para que entrem na campanha do lado de quem defende a categoria. Imperd\u00edvel o pronunciamento.<\/DIV><br \/>\n<DIV>&nbsp;<\/DIV><br \/>\n<DIV>Presidentes dos Diret\u00f3rios do PDT e membros da Executiva Nacional tra\u00e7am, na capital federal, mapa das poss\u00edveis coliga\u00e7\u00f5es do Partido nos estados brasileiros.<\/DIV><br \/>\n<DIV>&nbsp;<\/DIV><br \/>\n<DIV>Veja tamb\u00e9m no nosso programa: o PDT est\u00e1 entrando com uma representa\u00e7\u00e3o contra o DEM e Jos\u00e9 Serra. Hor\u00e1rio de inser\u00e7\u00f5es na televis\u00e3o do Democratas \u00e9 usado para fazer a campanha do candidato \u00e0 presid\u00eancia do PSDB.<\/DIV><br \/>\n<DIV>&nbsp;<\/DIV><br \/>\n<DIV>Tamb\u00e9m aqui, na TV ULB, a XIII Marcha a Bras\u00edlia em defesa dos munic\u00edpios que reuniu milhares de prefeitos pela redu\u00e7\u00e3o da carga tribut\u00e1ria e regulamenta\u00e7\u00e3o da emenda 29,&nbsp; que define o quanto a Uni\u00e3o, estados e munic\u00edpios devem destinar para a \u00e1rea da Sa\u00fade.<\/DIV><br \/>\n<DIV>&nbsp;<\/DIV><br \/>\n<DIV>Cientista pol\u00edtico reafirma no boletim A For\u00e7a do Povo: fim do coeficiente eleitoral \u00e9 um retrocesso pol\u00edtico.<\/DIV><br \/>\n<DIV>&nbsp;<\/DIV><br \/>\n<DIV>Voc\u00ea j\u00e1 sabe, a TV ULB est\u00e1 na internet. Acesse o site do PDT nacional, <A href=\"http:\/\/www.malungo2.com.br\/pdt\">www.malungo2.com.br\/pdt<\/A> &nbsp;&nbsp;ou o da Universidade Leonel Brizola <A href=\"http:\/\/www.ulb.org.br\/\">www.ulb.org.br<\/A>.<\/DIV><br \/>\n<DIV>&nbsp;<\/DIV><br \/>\n<DIV>Bom programa!<\/DIV><\/p>\n<!-- AddThis Advanced Settings generic via filter on the_content --><!-- AddThis Share Buttons generic via filter on the_content -->","protected":false},"excerpt":{"rendered":"<p>Quando cada um de n\u00f3s passa a atuar politicamente, acompanha com aten\u00e7\u00e3o o que acontece em nossa volta e a se importa com as injusti\u00e7as que ainda perduram, o cen\u00e1rio brasileiro come\u00e7a a mudar. Comprove no nosso programa. &nbsp; Pauta trabalhista, que acaba com o fim do fator previdenci\u00e1rio, reajusta os aposentados e o sal\u00e1rio&#8230;<!-- AddThis Advanced Settings generic via filter on wp_trim_excerpt --><!-- AddThis Share Buttons generic via filter on wp_trim_excerpt --><\/p>\n","protected":false},"author":17,"featured_media":0,"comment_status":"closed","ping_status":"open","sticky":false,"template":"","format":"standard","meta":{"_monsterinsights_skip_tracking":false,"_monsterinsights_sitenote_active":false,"_monsterinsights_sitenote_note":"","_monsterinsights_sitenote_category":0,"_uf_show_specific_survey":0,"_uf_disable_surveys":false,"footnotes":""},"categories":[976],"tags":[],"class_list":["post-20155","post","type-post","status-publish","format-standard","hentry","category-noticias-em-destaque"],"acf":[],"_links":{"self":[{"href":"https:\/\/pdt-rj.org.br\/index.php\/wp-json\/wp\/v2\/posts\/20155","targetHints":{"allow":["GET"]}}],"collection":[{"href":"https:\/\/pdt-rj.org.br\/index.php\/wp-json\/wp\/v2\/posts"}],"about":[{"href":"https:\/\/pdt-rj.org.br\/index.php\/wp-json\/wp\/v2\/types\/post"}],"author":[{"embeddable":true,"href":"https:\/\/pdt-rj.org.br\/index.php\/wp-json\/wp\/v2\/users\/17"}],"replies":[{"embeddable":true,"href":"https:\/\/pdt-rj.org.br\/index.php\/wp-json\/wp\/v2\/comments?post=20155"}],"version-history":[{"count":1,"href":"https:\/\/pdt-rj.org.br\/index.php\/wp-json\/wp\/v2\/posts\/20155\/revisions"}],"predecessor-version":[{"id":56455,"href":"https:\/\/pdt-rj.org.br\/index.php\/wp-json\/wp\/v2\/posts\/20155\/revisions\/56455"}],"wp:attachment":[{"href":"https:\/\/pdt-rj.org.br\/index.php\/wp-json\/wp\/v2\/media?parent=20155"}],"wp:term":[{"taxonomy":"category","embeddable":true,"href":"https:\/\/pdt-rj.org.br\/index.php\/wp-json\/wp\/v2\/categories?post=20155"},{"taxonomy":"post_tag","embeddable":true,"href":"https:\/\/pdt-rj.org.br\/index.php\/wp-json\/wp\/v2\/tags?post=20155"}],"curies":[{"name":"wp","href":"https:\/\/api.w.org\/{rel}","templated":true}]}}