{"id":20154,"date":"2010-05-20T00:00:00","date_gmt":"2010-05-20T00:00:00","guid":{"rendered":"http:\/\/www.malungo2.com.br\/pdt\/index.php\/saldo-recorde-de-geracao-de-empregos-em-12-estados"},"modified":"2017-10-26T09:08:16","modified_gmt":"2017-10-26T11:08:16","slug":"saldo-recorde-de-geracao-de-empregos-em-12-estados","status":"publish","type":"post","link":"https:\/\/pdt-rj.org.br\/index.php\/saldo-recorde-de-geracao-de-empregos-em-12-estados\/","title":{"rendered":"Saldo recorde de gera\u00e7\u00e3o de empregos em 12 estados"},"content":{"rendered":"<p>Em n\u00fameros absolutos, S\u00e3o Paulo liderou a gera\u00e7\u00e3o de empregos, com 119.844 novas vagas. Goi\u00e1s registrou a maior taxa de crescimento no m\u00eas, com aumento de 1,80% <BR><BR>Bras\u00edlia, 17\/05\/2010 &#8211; A gera\u00e7\u00e3o de empregos foi recorde em 12 unidades federativas em abril, entre as 24 que apresentaram eleva\u00e7\u00e3o no emprego formal celetista, segundo dados do Cadastro Geral de Empregados e Desempregados (Caged). Os n\u00fameros foram apresentados pelo Ministro do Trabalho e Emprego, Carlos Lupi, nesta segunda-feira (17). <BR><BR>Em n\u00fameros absolutos, S\u00e3o Paulo liderou a cria\u00e7\u00e3o de empregos, com 119.844 postos de trabalho abertos, maior gera\u00e7\u00e3o de empregos no m\u00eas em toda a s\u00e9rie hist\u00f3rica do Caged. Em segundo lugar est\u00e1 Minas Gerais, com 45.030 novas vagas, e em terceiro o Paran\u00e1 com 20.593 vagas. <BR><BR>A maior taxa de crescimento foi registrada em Goi\u00e1s, com eleva\u00e7\u00e3o de 1,80% e abertura de 17.171 novas vagas de trabalho com carteira assinada. O bom desempenho \u00e9 acompanhado por Rond\u00f4nia, que apresentou aumento de 1,62% no n\u00edvel de emprego, com cria\u00e7\u00e3o de 3.405 postos de trabalho, e Maranh\u00e3o, com crescimento de 1,48% e 5.114 vagas. <BR><BR>Somente tr\u00eas estados registraram fechamento de vagas em abril: Alagoas (-6.668 postos), Pernambuco (-1.302 postos) e Para\u00edba (-206 postos). A redu\u00e7\u00e3o do emprego nesses estados se deve, principalmente, a presen\u00e7a de fatores sazonais relacionados ao segmento agr\u00edcola da regi\u00e3o. <BR><BR><\/p>\n<!-- AddThis Advanced Settings generic via filter on the_content --><!-- AddThis Share Buttons generic via filter on the_content -->","protected":false},"excerpt":{"rendered":"<p>Em n\u00fameros absolutos, S\u00e3o Paulo liderou a gera\u00e7\u00e3o de empregos, com 119.844 novas vagas. Goi\u00e1s registrou a maior taxa de crescimento no m\u00eas, com aumento de 1,80% Bras\u00edlia, 17\/05\/2010 &#8211; A gera\u00e7\u00e3o de empregos foi recorde em 12 unidades federativas em abril, entre as 24 que apresentaram eleva\u00e7\u00e3o no emprego formal celetista, segundo dados do&#8230;<!-- AddThis Advanced Settings generic via filter on wp_trim_excerpt --><!-- AddThis Share Buttons generic via filter on wp_trim_excerpt --><\/p>\n","protected":false},"author":17,"featured_media":0,"comment_status":"closed","ping_status":"open","sticky":false,"template":"","format":"standard","meta":{"_monsterinsights_skip_tracking":false,"_monsterinsights_sitenote_active":false,"_monsterinsights_sitenote_note":"","_monsterinsights_sitenote_category":0,"_uf_show_specific_survey":0,"_uf_disable_surveys":false,"footnotes":""},"categories":[976],"tags":[],"class_list":["post-20154","post","type-post","status-publish","format-standard","hentry","category-noticias-em-destaque"],"acf":[],"_links":{"self":[{"href":"https:\/\/pdt-rj.org.br\/index.php\/wp-json\/wp\/v2\/posts\/20154","targetHints":{"allow":["GET"]}}],"collection":[{"href":"https:\/\/pdt-rj.org.br\/index.php\/wp-json\/wp\/v2\/posts"}],"about":[{"href":"https:\/\/pdt-rj.org.br\/index.php\/wp-json\/wp\/v2\/types\/post"}],"author":[{"embeddable":true,"href":"https:\/\/pdt-rj.org.br\/index.php\/wp-json\/wp\/v2\/users\/17"}],"replies":[{"embeddable":true,"href":"https:\/\/pdt-rj.org.br\/index.php\/wp-json\/wp\/v2\/comments?post=20154"}],"version-history":[{"count":1,"href":"https:\/\/pdt-rj.org.br\/index.php\/wp-json\/wp\/v2\/posts\/20154\/revisions"}],"predecessor-version":[{"id":56457,"href":"https:\/\/pdt-rj.org.br\/index.php\/wp-json\/wp\/v2\/posts\/20154\/revisions\/56457"}],"wp:attachment":[{"href":"https:\/\/pdt-rj.org.br\/index.php\/wp-json\/wp\/v2\/media?parent=20154"}],"wp:term":[{"taxonomy":"category","embeddable":true,"href":"https:\/\/pdt-rj.org.br\/index.php\/wp-json\/wp\/v2\/categories?post=20154"},{"taxonomy":"post_tag","embeddable":true,"href":"https:\/\/pdt-rj.org.br\/index.php\/wp-json\/wp\/v2\/tags?post=20154"}],"curies":[{"name":"wp","href":"https:\/\/api.w.org\/{rel}","templated":true}]}}