{"id":20140,"date":"2010-05-12T00:00:00","date_gmt":"2010-05-12T00:00:00","guid":{"rendered":"http:\/\/www.malungo2.com.br\/pdt\/index.php\/tv-ulb-deputados-aprovam-reajuste-de-7-72"},"modified":"2017-10-26T09:08:17","modified_gmt":"2017-10-26T11:08:17","slug":"tv-ulb-deputados-aprovam-reajuste-de-7-72","status":"publish","type":"post","link":"https:\/\/pdt-rj.org.br\/index.php\/tv-ulb-deputados-aprovam-reajuste-de-7-72\/","title":{"rendered":"TV ULB: deputados aprovam reajuste de 7.72%"},"content":{"rendered":"<p>Num \u00fanico dia, o plen\u00e1rio da C\u00e2mara dos Deputados acaba com o fim do fator previdenci\u00e1rio, concede reajuste de 7.7 2% aos&nbsp; aposentados, e d\u00e1 in\u00edcio \u00e0 vota\u00e7\u00e3o do texto do Ficha Limpa. Princ\u00edpios pedetistas s\u00e3o reafirmados em alto e bom som no Congresso Nacional.<BR><BR>A&nbsp;luta n\u00e3o se esgota num pa\u00eds ainda t\u00e3o insens\u00edvel \u00e0s car\u00eancias da sua popula\u00e7\u00e3o e, por incr\u00edvel que pare\u00e7a, insens\u00edvel tamb\u00e9m \u00e0s solu\u00e7\u00f5es apontadas para os problemas: remo\u00e7\u00e3o de favelas do Rio de Janeiro \u00e9 discutida na C\u00e2mara Federal.&nbsp;<BR><BR>Aborto volta \u00e0 pauta com a palestra de Miguelina Vecchio e deve merecer destaque no Congresso da A\u00e7\u00e3o da Mulher Trabalhista, durante os dias 27, 28 e 29, deste m\u00eas de maio, em Belo Horizonte. <BR>E, por falar em movimento popular, n\u00e3o se esque\u00e7a, na pr\u00f3xima segunda-feira dia 17, sindicalistas de todo o Brasil v\u00e3o estar, aqui, em Bras\u00edlia no encontro nacional da categoria.acional durante sess\u00e3o solene, em homenagem ao Dia do Trabalhador. Assista agora<BR><BR><BR><BR><A href=\"http:\/\/www.youtube.com\/watch?v=NqSzlthvebQ\">Jornalismo bloco 1<\/A><BR><BR><BR><A href=\"http:\/\/www.youtube.com\/pdtms12#p\/u\/3\/Z8rRfydgggw\">jornalismo Bloco 2<BR><\/A><BR><BR><A href=\"http:\/\/www.youtube.com\/pdtms12#p\/u\/3\/Z8rRfydgggw\">jornalismo bloco 2 &#8211; segunda parte<\/A><\/p>\n<!-- AddThis Advanced Settings generic via filter on the_content --><!-- AddThis Share Buttons generic via filter on the_content -->","protected":false},"excerpt":{"rendered":"<p>Num \u00fanico dia, o plen\u00e1rio da C\u00e2mara dos Deputados acaba com o fim do fator previdenci\u00e1rio, concede reajuste de 7.7 2% aos&nbsp; aposentados, e d\u00e1 in\u00edcio \u00e0 vota\u00e7\u00e3o do texto do Ficha Limpa. Princ\u00edpios pedetistas s\u00e3o reafirmados em alto e bom som no Congresso Nacional.A&nbsp;luta n\u00e3o se esgota num pa\u00eds ainda t\u00e3o insens\u00edvel \u00e0s car\u00eancias&#8230;<!-- AddThis Advanced Settings generic via filter on wp_trim_excerpt --><!-- AddThis Share Buttons generic via filter on wp_trim_excerpt --><\/p>\n","protected":false},"author":17,"featured_media":0,"comment_status":"closed","ping_status":"open","sticky":false,"template":"","format":"standard","meta":{"_monsterinsights_skip_tracking":false,"_monsterinsights_sitenote_active":false,"_monsterinsights_sitenote_note":"","_monsterinsights_sitenote_category":0,"_uf_show_specific_survey":0,"_uf_disable_surveys":false,"footnotes":""},"categories":[976],"tags":[],"class_list":["post-20140","post","type-post","status-publish","format-standard","hentry","category-noticias-em-destaque"],"acf":[],"_links":{"self":[{"href":"https:\/\/pdt-rj.org.br\/index.php\/wp-json\/wp\/v2\/posts\/20140","targetHints":{"allow":["GET"]}}],"collection":[{"href":"https:\/\/pdt-rj.org.br\/index.php\/wp-json\/wp\/v2\/posts"}],"about":[{"href":"https:\/\/pdt-rj.org.br\/index.php\/wp-json\/wp\/v2\/types\/post"}],"author":[{"embeddable":true,"href":"https:\/\/pdt-rj.org.br\/index.php\/wp-json\/wp\/v2\/users\/17"}],"replies":[{"embeddable":true,"href":"https:\/\/pdt-rj.org.br\/index.php\/wp-json\/wp\/v2\/comments?post=20140"}],"version-history":[{"count":1,"href":"https:\/\/pdt-rj.org.br\/index.php\/wp-json\/wp\/v2\/posts\/20140\/revisions"}],"predecessor-version":[{"id":56464,"href":"https:\/\/pdt-rj.org.br\/index.php\/wp-json\/wp\/v2\/posts\/20140\/revisions\/56464"}],"wp:attachment":[{"href":"https:\/\/pdt-rj.org.br\/index.php\/wp-json\/wp\/v2\/media?parent=20140"}],"wp:term":[{"taxonomy":"category","embeddable":true,"href":"https:\/\/pdt-rj.org.br\/index.php\/wp-json\/wp\/v2\/categories?post=20140"},{"taxonomy":"post_tag","embeddable":true,"href":"https:\/\/pdt-rj.org.br\/index.php\/wp-json\/wp\/v2\/tags?post=20140"}],"curies":[{"name":"wp","href":"https:\/\/api.w.org\/{rel}","templated":true}]}}