{"id":20137,"date":"2010-05-04T00:00:00","date_gmt":"2010-05-04T00:00:00","guid":{"rendered":"http:\/\/www.malungo2.com.br\/pdt\/index.php\/tv-ulbpauta-polemica-movimenta-o-congresso"},"modified":"2017-10-26T09:08:17","modified_gmt":"2017-10-26T11:08:17","slug":"tv-ulbpauta-polemica-movimenta-o-congresso","status":"publish","type":"post","link":"https:\/\/pdt-rj.org.br\/index.php\/tv-ulbpauta-polemica-movimenta-o-congresso\/","title":{"rendered":"TV ULB:pauta pol\u00eamica movimenta o Congresso"},"content":{"rendered":"<p><P>A semana em Bras\u00edlia foi das mais agitadas. Discuss\u00e3o sobre reajuste dos aposentados. Mobiliza\u00e7\u00e3o pela vota\u00e7\u00e3o do Ficha Limpa. Pol\u00eamica sobre sujeira tucana&nbsp; na internet. E den\u00fancia l\u00e1 do Amap\u00e1, policiais franceses prendem brasileiros no rio Oiapoque.E mais, muita especula\u00e7\u00e3o&nbsp; pr\u00e9-eleitoral: pedetista pode ser indicado como vice-governador do povo mineiro, segundo maior col\u00e9gio eleitoral do Brasil. Voc\u00ea assiste aqui, na sua TV ULB, tamb\u00e9m&nbsp; dois especiais: um com o deputado&nbsp; Vieira da Cunha e outro com o senador&nbsp; Acir Gurgazs.<BR><BR><A href=\"http:\/\/www.youtube.com\/watch?v=sg0diGh9EY8\">Jornalismo bloco <\/A>1<BR><BR><BR><BR><A href=\"http:\/\/www.youtube.com\/pdtms12#p\/u\/5\/XNmEi4UjN2A\">Jornalismo bloco 2<\/A><BR><BR><BR><BR><A href=\"http:\/\/www.youtube.com\/pdtms12#p\/u\/7\/3fQqNh-xmtA\">Jornalismo bloco 3<\/A><BR><BR><BR><A href=\"www.youtube.com\/pdtms12 \">Assista \u00e0 programa\u00e7\u00e3o da TV ULB<\/A><\/P><\/p>\n<!-- AddThis Advanced Settings generic via filter on the_content --><!-- AddThis Share Buttons generic via filter on the_content -->","protected":false},"excerpt":{"rendered":"<p>A semana em Bras\u00edlia foi das mais agitadas. Discuss\u00e3o sobre reajuste dos aposentados. Mobiliza\u00e7\u00e3o pela vota\u00e7\u00e3o do Ficha Limpa. Pol\u00eamica sobre sujeira tucana&nbsp; na internet. E den\u00fancia l\u00e1 do Amap\u00e1, policiais franceses prendem brasileiros no rio Oiapoque.E mais, muita especula\u00e7\u00e3o&nbsp; pr\u00e9-eleitoral: pedetista pode ser indicado como vice-governador do povo mineiro, segundo maior col\u00e9gio eleitoral do&#8230;<!-- AddThis Advanced Settings generic via filter on wp_trim_excerpt --><!-- AddThis Share Buttons generic via filter on wp_trim_excerpt --><\/p>\n","protected":false},"author":17,"featured_media":0,"comment_status":"closed","ping_status":"open","sticky":false,"template":"","format":"standard","meta":{"_monsterinsights_skip_tracking":false,"_monsterinsights_sitenote_active":false,"_monsterinsights_sitenote_note":"","_monsterinsights_sitenote_category":0,"_uf_show_specific_survey":0,"_uf_disable_surveys":false,"footnotes":""},"categories":[976],"tags":[],"class_list":["post-20137","post","type-post","status-publish","format-standard","hentry","category-noticias-em-destaque"],"acf":[],"_links":{"self":[{"href":"https:\/\/pdt-rj.org.br\/index.php\/wp-json\/wp\/v2\/posts\/20137","targetHints":{"allow":["GET"]}}],"collection":[{"href":"https:\/\/pdt-rj.org.br\/index.php\/wp-json\/wp\/v2\/posts"}],"about":[{"href":"https:\/\/pdt-rj.org.br\/index.php\/wp-json\/wp\/v2\/types\/post"}],"author":[{"embeddable":true,"href":"https:\/\/pdt-rj.org.br\/index.php\/wp-json\/wp\/v2\/users\/17"}],"replies":[{"embeddable":true,"href":"https:\/\/pdt-rj.org.br\/index.php\/wp-json\/wp\/v2\/comments?post=20137"}],"version-history":[{"count":1,"href":"https:\/\/pdt-rj.org.br\/index.php\/wp-json\/wp\/v2\/posts\/20137\/revisions"}],"predecessor-version":[{"id":56466,"href":"https:\/\/pdt-rj.org.br\/index.php\/wp-json\/wp\/v2\/posts\/20137\/revisions\/56466"}],"wp:attachment":[{"href":"https:\/\/pdt-rj.org.br\/index.php\/wp-json\/wp\/v2\/media?parent=20137"}],"wp:term":[{"taxonomy":"category","embeddable":true,"href":"https:\/\/pdt-rj.org.br\/index.php\/wp-json\/wp\/v2\/categories?post=20137"},{"taxonomy":"post_tag","embeddable":true,"href":"https:\/\/pdt-rj.org.br\/index.php\/wp-json\/wp\/v2\/tags?post=20137"}],"curies":[{"name":"wp","href":"https:\/\/api.w.org\/{rel}","templated":true}]}}