{"id":20136,"date":"2010-05-01T00:00:00","date_gmt":"2010-05-01T00:00:00","guid":{"rendered":"http:\/\/www.malungo2.com.br\/pdt\/index.php\/1-de-maio-dia-de-celebrar-a-cidadania"},"modified":"2017-10-26T09:08:17","modified_gmt":"2017-10-26T11:08:17","slug":"1-de-maio-dia-de-celebrar-a-cidadania","status":"publish","type":"post","link":"https:\/\/pdt-rj.org.br\/index.php\/1-de-maio-dia-de-celebrar-a-cidadania\/","title":{"rendered":"1\u00b0 de Maio &#8211; dia de celebrar a cidadania"},"content":{"rendered":"<p>Para milh\u00f5es de brasileiros, hoje \u00e9 dia de celebrar a cidadania, representada pela conquista da Carteira de Trabalho assinada. Fruto de d\u00e9cadas de luta dos trabalhadores, este documento n\u00e3o apenas garante a homens e mulheres uma vida com mais dignidade: tamb\u00e9m ajuda a fortalecer nossa economia.<br \/>\n<DIV>&nbsp;<\/DIV><br \/>\n<DIV>Nos \u00faltimos sete anos, o Brasil criou mais de 12 milh\u00f5es de empregos formais, confirmando a acertada pol\u00edtica econ\u00f4mica do governo Lula. Para se ter a dimens\u00e3o deste dado, basta lembrar que o mercado formal cresceu 40% no per\u00edodo, e geramos mais empregos do que em qualquer outro momento da hist\u00f3ria.<\/DIV><br \/>\n<DIV>&nbsp;<\/DIV><br \/>\n<DIV>Muitos fatores contribu\u00edram, mas nenhum foi t\u00e3o importante quanto a pol\u00edtica de valoriza\u00e7\u00e3o do sal\u00e1rio m\u00ednimo. Os sucessivos reajustes garantiram aumento de 54% acima da infla\u00e7\u00e3o, que injetou bilh\u00f5es de reais na economia, diretamente para aqueles que mais precisam: os trabalhadores brasileiros.<\/DIV><br \/>\n<DIV>&nbsp;<\/DIV><br \/>\n<DIV>Segundo o Cadastro Geral dos Empregados e Desempregados (Caged), do Minist\u00e9rio do Trabalho e Emprego, a remunera\u00e7\u00e3o m\u00e9dia do trabalhador brasileiro com emprego formal teve um ganho real de 26%, crescendo em todos os setores econ\u00f4micos.<\/DIV><br \/>\n<DIV>&nbsp;<\/DIV><br \/>\n<DIV>Mais bem partilhado, o bolo cresceu. O mercado interno aumentou o consumo e levou o Brasil a vencer a crise financeira internacional, com registro de recordes em sua ind\u00fastria. Enquanto pa\u00edses importantes do mundo entravam em recess\u00e3o e demitiam seus trabalhadores, aqui no Brasil conseguimos gerar um milh\u00e3o de novos empregos com carteira assinada em 2009.<\/DIV><br \/>\n<DIV>&nbsp;<\/DIV><br \/>\n<DIV>E o melhor est\u00e1 por vir: mantida a atual taxa de formaliza\u00e7\u00e3o de m\u00e3ode obra, 2010 ser\u00e1 o ano com maior gera\u00e7\u00e3o de empregos da hist\u00f3ria do Brasil, com a cria\u00e7\u00e3o de 2 milh\u00f5es de novos empregos. Um sinal evidente de que o Pa\u00eds est\u00e1 dando certo e precisa seguir avan\u00e7ando.<BR><BR><STRONG>Carlos Lupi &#8211; Ministro do Trabalho<\/STRONG><\/DIV><\/p>\n<!-- AddThis Advanced Settings generic via filter on the_content --><!-- AddThis Share Buttons generic via filter on the_content -->","protected":false},"excerpt":{"rendered":"<p>Para milh\u00f5es de brasileiros, hoje \u00e9 dia de celebrar a cidadania, representada pela conquista da Carteira de Trabalho assinada. Fruto de d\u00e9cadas de luta dos trabalhadores, este documento n\u00e3o apenas garante a homens e mulheres uma vida com mais dignidade: tamb\u00e9m ajuda a fortalecer nossa economia. &nbsp; Nos \u00faltimos sete anos, o Brasil criou mais&#8230;<!-- AddThis Advanced Settings generic via filter on wp_trim_excerpt --><!-- AddThis Share Buttons generic via filter on wp_trim_excerpt --><\/p>\n","protected":false},"author":17,"featured_media":0,"comment_status":"closed","ping_status":"open","sticky":false,"template":"","format":"standard","meta":{"_monsterinsights_skip_tracking":false,"_monsterinsights_sitenote_active":false,"_monsterinsights_sitenote_note":"","_monsterinsights_sitenote_category":0,"_uf_show_specific_survey":0,"_uf_disable_surveys":false,"footnotes":""},"categories":[976],"tags":[],"class_list":["post-20136","post","type-post","status-publish","format-standard","hentry","category-noticias-em-destaque"],"acf":[],"_links":{"self":[{"href":"https:\/\/pdt-rj.org.br\/index.php\/wp-json\/wp\/v2\/posts\/20136","targetHints":{"allow":["GET"]}}],"collection":[{"href":"https:\/\/pdt-rj.org.br\/index.php\/wp-json\/wp\/v2\/posts"}],"about":[{"href":"https:\/\/pdt-rj.org.br\/index.php\/wp-json\/wp\/v2\/types\/post"}],"author":[{"embeddable":true,"href":"https:\/\/pdt-rj.org.br\/index.php\/wp-json\/wp\/v2\/users\/17"}],"replies":[{"embeddable":true,"href":"https:\/\/pdt-rj.org.br\/index.php\/wp-json\/wp\/v2\/comments?post=20136"}],"version-history":[{"count":1,"href":"https:\/\/pdt-rj.org.br\/index.php\/wp-json\/wp\/v2\/posts\/20136\/revisions"}],"predecessor-version":[{"id":56468,"href":"https:\/\/pdt-rj.org.br\/index.php\/wp-json\/wp\/v2\/posts\/20136\/revisions\/56468"}],"wp:attachment":[{"href":"https:\/\/pdt-rj.org.br\/index.php\/wp-json\/wp\/v2\/media?parent=20136"}],"wp:term":[{"taxonomy":"category","embeddable":true,"href":"https:\/\/pdt-rj.org.br\/index.php\/wp-json\/wp\/v2\/categories?post=20136"},{"taxonomy":"post_tag","embeddable":true,"href":"https:\/\/pdt-rj.org.br\/index.php\/wp-json\/wp\/v2\/tags?post=20136"}],"curies":[{"name":"wp","href":"https:\/\/api.w.org\/{rel}","templated":true}]}}