{"id":20134,"date":"2010-04-27T00:00:00","date_gmt":"2010-04-27T00:00:00","guid":{"rendered":"http:\/\/www.malungo2.com.br\/pdt\/index.php\/lideres-decidem-aprovar-reajuste-de-771-a-aposentados"},"modified":"2017-10-26T09:08:17","modified_gmt":"2017-10-26T11:08:17","slug":"lideres-decidem-aprovar-reajuste-de-771-a-aposentados","status":"publish","type":"post","link":"https:\/\/pdt-rj.org.br\/index.php\/lideres-decidem-aprovar-reajuste-de-771-a-aposentados\/","title":{"rendered":"L\u00edderes decidem aprovar reajuste de 7,71% a aposentados"},"content":{"rendered":"<p><BR>L\u00edderes partid\u00e1rios da C\u00e2mara e do Senado&nbsp;decidiram&nbsp;na tarde desta ter\u00e7a-feira, 27, em reuni\u00e3o conjunta&nbsp;na lideran\u00e7a do PDT da C\u00e2mara, defender em plen\u00e1rio a aprova\u00e7\u00e3o do reajuste de 7,71% para&nbsp;todas as aposentadorias, mesmo com o Governo, sinalizando que o \u00edndice n\u00e3o ultrapassar\u00e1 os 6,14%.&nbsp;O percentual de 7.71% foi definido&nbsp;pelas centrais sindicais e entidades dos aposentados. Os deputados discutem a mat\u00e9ria em plen\u00e1rio neste momento.&nbsp;<BR><BR>\u0093Os partidos de esquerda v\u00e3o defender os 7,71% para os aposentados. A proposta do Governo de reajustar por este \u00edndice apenas os proventos dos aposentados que ganham tr\u00eas sal\u00e1rios m\u00ednimos n\u00e3o \u00e9 vi\u00e1vel, j\u00e1 que os que recebem mais seriam prejudicados. Esta proposta \u00e9 imposs\u00edvel de ser colocada em pr\u00e1tica\u0094, explicou Dagoberto ap\u00f3s a reuni\u00e3o, que foi coordenada pelo parlamentar sul-mato-grossense que \u00e9 l\u00edder do PDT na C\u00e2mara dos Deputados. Esta afirma\u00e7\u00e3o foi feita porque o l\u00edder do Governo na C\u00e2mara e relator da mat\u00e9ria, o deputado C\u00e2ndido Vaccarezza (PT-SP), havia proposto aumento escalonado, de 7% para aposentados que ganham entre um e tr\u00eas sal\u00e1rios m\u00ednimos e de 6,14% para os que recebem acima deste valor.&nbsp;<BR><BR>Para o vice-presidente da Nova Central Sindical dos Trabalhadores, Fernando Anuncia\u00e7\u00e3o, que esteve presente na reuni\u00e3o, \u0093o deputado Dagoberto conduziu bem as discuss\u00f5es, a proposta \u00e9 muito positiva aos trabalhadores por recuperar perdas que ocorreram ao longo dos \u00faltimos anos\u0094. Anuncia\u00e7\u00e3o, que \u00e9 presidente do Sindicato dos Servidores Penitenci\u00e1rios de Mato Grosso do Sul, tamb\u00e9m refor\u00e7ou que \u0093hoje estamos defendendo direitos que s\u00e3o essenciais a todos os trabalhadores\u0094. Da reuni\u00e3o participaram representantes de cinco centrais sindicais e dos aposentados, bem como l\u00edderes de partidos da base aliada e da oposi\u00e7\u00e3o.&nbsp;<BR><BR>O senador Paulo Paim (PT), que esteve na reuni\u00e3o, disse que os l\u00edderes do Senado Federal decidiram que v\u00e3o aprovar o reajuste de 7,71%. \u0093N\u00e3o aprovaremos qualquer reajuste que n\u00e3o garanta a reposi\u00e7\u00e3o da infla\u00e7\u00e3o mais 80% da varia\u00e7\u00e3o do PIB\u0094, afirmou Paim no t\u00e9rmino da discuss\u00e3o. O \u00edndice de 7,71% garante a recupera\u00e7\u00e3o do valor das aposentadorias nestes patamares. <BR>A Medida Provis\u00f3ria (MP) 475\/09, que trata do reajuste das aposentadorias, concede aumento de 6,14%, mas o Governo, pressionado por partidos aliados, aceitou elevar o \u00edndice para 7%, o que corresponde \u00e0 infla\u00e7\u00e3o de 2009 mais dois ter\u00e7os da alta do PIB de 2008. <BR>A mat\u00e9ria est\u00e1 sendo debatida neste momento em plen\u00e1rio. <\/p>\n<!-- AddThis Advanced Settings generic via filter on the_content --><!-- AddThis Share Buttons generic via filter on the_content -->","protected":false},"excerpt":{"rendered":"<p>L\u00edderes partid\u00e1rios da C\u00e2mara e do Senado&nbsp;decidiram&nbsp;na tarde desta ter\u00e7a-feira, 27, em reuni\u00e3o conjunta&nbsp;na lideran\u00e7a do PDT da C\u00e2mara, defender em plen\u00e1rio a aprova\u00e7\u00e3o do reajuste de 7,71% para&nbsp;todas as aposentadorias, mesmo com o Governo, sinalizando que o \u00edndice n\u00e3o ultrapassar\u00e1 os 6,14%.&nbsp;O percentual de 7.71% foi definido&nbsp;pelas centrais sindicais e entidades dos aposentados. Os&#8230;<!-- AddThis Advanced Settings generic via filter on wp_trim_excerpt --><!-- AddThis Share Buttons generic via filter on wp_trim_excerpt --><\/p>\n","protected":false},"author":17,"featured_media":0,"comment_status":"closed","ping_status":"open","sticky":false,"template":"","format":"standard","meta":{"_monsterinsights_skip_tracking":false,"_monsterinsights_sitenote_active":false,"_monsterinsights_sitenote_note":"","_monsterinsights_sitenote_category":0,"_uf_show_specific_survey":0,"_uf_disable_surveys":false,"footnotes":""},"categories":[976],"tags":[],"class_list":["post-20134","post","type-post","status-publish","format-standard","hentry","category-noticias-em-destaque"],"acf":[],"_links":{"self":[{"href":"https:\/\/pdt-rj.org.br\/index.php\/wp-json\/wp\/v2\/posts\/20134","targetHints":{"allow":["GET"]}}],"collection":[{"href":"https:\/\/pdt-rj.org.br\/index.php\/wp-json\/wp\/v2\/posts"}],"about":[{"href":"https:\/\/pdt-rj.org.br\/index.php\/wp-json\/wp\/v2\/types\/post"}],"author":[{"embeddable":true,"href":"https:\/\/pdt-rj.org.br\/index.php\/wp-json\/wp\/v2\/users\/17"}],"replies":[{"embeddable":true,"href":"https:\/\/pdt-rj.org.br\/index.php\/wp-json\/wp\/v2\/comments?post=20134"}],"version-history":[{"count":1,"href":"https:\/\/pdt-rj.org.br\/index.php\/wp-json\/wp\/v2\/posts\/20134\/revisions"}],"predecessor-version":[{"id":56469,"href":"https:\/\/pdt-rj.org.br\/index.php\/wp-json\/wp\/v2\/posts\/20134\/revisions\/56469"}],"wp:attachment":[{"href":"https:\/\/pdt-rj.org.br\/index.php\/wp-json\/wp\/v2\/media?parent=20134"}],"wp:term":[{"taxonomy":"category","embeddable":true,"href":"https:\/\/pdt-rj.org.br\/index.php\/wp-json\/wp\/v2\/categories?post=20134"},{"taxonomy":"post_tag","embeddable":true,"href":"https:\/\/pdt-rj.org.br\/index.php\/wp-json\/wp\/v2\/tags?post=20134"}],"curies":[{"name":"wp","href":"https:\/\/api.w.org\/{rel}","templated":true}]}}