{"id":20132,"date":"2010-04-24T00:00:00","date_gmt":"2010-04-24T03:00:00","guid":{"rendered":"http:\/\/www.malungo2.com.br\/pdt\/index.php\/tv-ulb-em-novo-horario"},"modified":"2017-01-26T16:41:41","modified_gmt":"2017-01-26T18:41:41","slug":"tv-ulb-em-novo-horario","status":"publish","type":"post","link":"https:\/\/pdt-rj.org.br\/index.php\/tv-ulb-em-novo-horario\/","title":{"rendered":"TV ULB em novo hor\u00e1rio"},"content":{"rendered":"<p>Semana de feriado, de muita comemora\u00e7\u00e3o. Mas a sua TV ULB n\u00e3o descansou para poder levar a voc\u00ea as novidades do nosso Partido. <BR><BR>Assista hoje a reuni\u00e3o do conselho pol\u00edtico de campanha da pr\u00e9-candidata Dilma Roussef e o encontro da ex-ministra com os l\u00edderes partid\u00e1rios do Congresso. <BR><BR>Veja como o Maranh\u00e3o lembrou um ano de cassa\u00e7\u00e3o do governador Jackson Lago, que j\u00e1 est\u00e1 pronto e com apoio dos maranhenses para as elei\u00e7\u00f5es de outubro. <BR><BR>O II Retiro da JS PDT reuniu em Bras\u00edlia presidentes estaduais e membros do Diret\u00f3rio Nacional. Para os participantes o encontro foi extremamente produtivo e teve como ponto alto a discuss\u00e3o sobre a import\u00e2ncia da internet para esta campanha, com a utiliza\u00e7\u00e3o do Twiter e das redes sociais. <BR><BR>E aten\u00e7\u00e3o sindicalistas: 17 de maio compromisso marcado em Bras\u00edlia no II Encontro Nacional dos Sindicalistas do PDT. A pr\u00e9-candidata Dilma Roussef confirmou a sua presen\u00e7a e deve receber como contribui\u00e7\u00e3o a proposta do Movimento Sindical do PDT para o Plano de Governo <BR>. <BR>Hoje come\u00e7amos a discutir mais um tema para aprimorar o nosso discurso. Voc\u00ea j\u00e1 ouviu falar no III Plano Nacional de Desenvolvimento Humano? Saiba o que \u00e9 e conhe\u00e7a as discuss\u00f5es em torno dele. Nas pr\u00f3ximas semanas vamos nos aprofundar um pouco mais no tema no Olhar Trabalhista <BR><BR>E \u00e9 bom que voc\u00ea saiba que a inten\u00e7\u00e3o do Olhar Trabalhista, neste semestre, \u00e9 a de por na roda, discutir com voc\u00ea, assuntos importantes da atualidade. O primeiro programa deste ano, com o presidente Carlos Lupi, discutiu o Brasil que queremos, o discurso da campanha e o papel do Estado eficiente. No segundo programa, falamos com Paulinho da For\u00e7a, o deputado Paulo Pereira da Silva, sobre a pauta trabalhista: pol\u00edtica do sal\u00e1rio m\u00ednimo, redu\u00e7\u00e3o da jornada de trabalho, fim do fator previdenci\u00e1rio e sindicalismo. <BR><BR>Nossos programas t\u00eam a pretens\u00e3o de ajudar voc\u00ea, que \u00e9 candidato e militante, a afinar o seu discurso para essas elei\u00e7\u00f5es. Portanto, fique ligado, assista o programa, discuta com os companheiros e, se for poss\u00edvel, grave as entrevistas. Se n\u00e3o der, voc\u00ea ainda pode acessar na internet os programas j\u00e1 veiculados aqui pela sua TV ULB&nbsp;<BR><BR>ACESSE:<A href=\"http:\/\/www.ulb.org.br\/moodle\/mod\/resource\/view.php?id=249\"> <U><FONT color=#0068cf>www.ulb.org.br<\/FONT><\/U><\/A><\/p>\n<!-- AddThis Advanced Settings generic via filter on the_content --><!-- AddThis Share Buttons generic via filter on the_content -->","protected":false},"excerpt":{"rendered":"<p>Semana de feriado, de muita comemora\u00e7\u00e3o. Mas a sua TV ULB n\u00e3o descansou para poder levar a voc\u00ea as novidades do nosso Partido. Assista hoje a reuni\u00e3o do conselho pol\u00edtico de campanha da pr\u00e9-candidata Dilma Roussef e o encontro da ex-ministra com os l\u00edderes partid\u00e1rios do Congresso. Veja como o Maranh\u00e3o lembrou um ano de&#8230;<!-- AddThis Advanced Settings generic via filter on wp_trim_excerpt --><!-- AddThis Share Buttons generic via filter on wp_trim_excerpt --><\/p>\n","protected":false},"author":17,"featured_media":0,"comment_status":"closed","ping_status":"closed","sticky":false,"template":"","format":"standard","meta":{"_monsterinsights_skip_tracking":false,"_monsterinsights_sitenote_active":false,"_monsterinsights_sitenote_note":"","_monsterinsights_sitenote_category":0,"_uf_show_specific_survey":0,"_uf_disable_surveys":false,"footnotes":""},"categories":[1401],"tags":[],"class_list":["post-20132","post","type-post","status-publish","format-standard","hentry","category-nacional"],"acf":[],"_links":{"self":[{"href":"https:\/\/pdt-rj.org.br\/index.php\/wp-json\/wp\/v2\/posts\/20132","targetHints":{"allow":["GET"]}}],"collection":[{"href":"https:\/\/pdt-rj.org.br\/index.php\/wp-json\/wp\/v2\/posts"}],"about":[{"href":"https:\/\/pdt-rj.org.br\/index.php\/wp-json\/wp\/v2\/types\/post"}],"author":[{"embeddable":true,"href":"https:\/\/pdt-rj.org.br\/index.php\/wp-json\/wp\/v2\/users\/17"}],"replies":[{"embeddable":true,"href":"https:\/\/pdt-rj.org.br\/index.php\/wp-json\/wp\/v2\/comments?post=20132"}],"version-history":[{"count":1,"href":"https:\/\/pdt-rj.org.br\/index.php\/wp-json\/wp\/v2\/posts\/20132\/revisions"}],"predecessor-version":[{"id":52575,"href":"https:\/\/pdt-rj.org.br\/index.php\/wp-json\/wp\/v2\/posts\/20132\/revisions\/52575"}],"wp:attachment":[{"href":"https:\/\/pdt-rj.org.br\/index.php\/wp-json\/wp\/v2\/media?parent=20132"}],"wp:term":[{"taxonomy":"category","embeddable":true,"href":"https:\/\/pdt-rj.org.br\/index.php\/wp-json\/wp\/v2\/categories?post=20132"},{"taxonomy":"post_tag","embeddable":true,"href":"https:\/\/pdt-rj.org.br\/index.php\/wp-json\/wp\/v2\/tags?post=20132"}],"curies":[{"name":"wp","href":"https:\/\/api.w.org\/{rel}","templated":true}]}}