{"id":20126,"date":"2010-04-15T00:00:00","date_gmt":"2010-04-15T00:00:00","guid":{"rendered":"http:\/\/www.malungo2.com.br\/pdt\/index.php\/oab-nacional-tambem-recebe-relatorio"},"modified":"2017-10-26T09:08:18","modified_gmt":"2017-10-26T11:08:18","slug":"oab-nacional-tambem-recebe-relatorio","status":"publish","type":"post","link":"https:\/\/pdt-rj.org.br\/index.php\/oab-nacional-tambem-recebe-relatorio\/","title":{"rendered":"OAB nacional tamb\u00e9m recebe relat\u00f3rio"},"content":{"rendered":"<p><P><IMG height=165 src=\"\/images\/votoe.oab.nacional.jpg\" width=220 align=left border=0>&#8220;A Ordem dos Advogados do Brasil (OAB) vai se dedicar mais a quest\u00e3o do voto eletr\u00f4nico&#8221;,&nbsp;afirmou nesta quarta (14) o presidente nacional da Ordem, Ophir Cavalcante, ao receber em Bras\u00edlia c\u00f3pia do relat\u00f3rio sobre o sistema brasileiro de vota\u00e7\u00e3o eletr\u00f4nica elaborado pelo Comit\u00ea Multidisciplinar Independente integrado por cidad\u00e3os preocupados com a transpar\u00eancia das urnas eletr\u00f4nicas em uso no pa\u00eds.&nbsp;<BR><BR><BR>Al\u00e9m de tr\u00eas dos 10 dos signat\u00e1rios do documento &#8211; engenheiro Amilcar Brunazo Filho, advogada Maria Aparecida Cortiz e professor Pedro Dourado Rezende &#8211; compareceram a audi\u00eancia os deputados federais Geraldo Magela(PT-DF) e Janete Capiberibe (PSB-AP), e o jornalista Osvaldo Maneschy, da executiva nacional da Funda\u00e7\u00e3o Leonel Brizola &#8211; Alberto Pasqualini, do PDT.<BR><BR>O mesmo relat\u00f3rio, que contesta um anterior preparado a pedido da Secretaria de Inform\u00e1tica do Tribunal Superior Eleitoral (TSE), foi entregue na segunda-feira ao presidente do TSE, ministro Ayres de Brito, em audi\u00eancia de quase duas horas de dura\u00e7\u00e3o que virou um minidebate sobre o assunto, com participa\u00e7\u00e3o de toda a c\u00fapula do TSE; ao Vice-Reitor da Universidade de Bras\u00edlia, Jo\u00e3o Batista&nbsp;de Sousa; ao presidente da Subcomiss\u00e3o do Voto Eletr\u00f4nico da CCJ da C\u00e3mara Federal e ao presidente da Camara, Deputado Michel Temer (PMDB-SP)<BR><BR><A href=\"http:\/\/www.oab.org.br\/noticia.asp?id=19497\" target=_blank><STRONG>Leia Mais no site da OAB nacional<\/STRONG><\/A><\/P><\/p>\n<!-- AddThis Advanced Settings generic via filter on the_content --><!-- AddThis Share Buttons generic via filter on the_content -->","protected":false},"excerpt":{"rendered":"<p>&#8220;A Ordem dos Advogados do Brasil (OAB) vai se dedicar mais a quest\u00e3o do voto eletr\u00f4nico&#8221;,&nbsp;afirmou nesta quarta (14) o presidente nacional da Ordem, Ophir Cavalcante, ao receber em Bras\u00edlia c\u00f3pia do relat\u00f3rio sobre o sistema brasileiro de vota\u00e7\u00e3o eletr\u00f4nica elaborado pelo Comit\u00ea Multidisciplinar Independente integrado por cidad\u00e3os preocupados com a transpar\u00eancia das urnas eletr\u00f4nicas&#8230;<!-- AddThis Advanced Settings generic via filter on wp_trim_excerpt --><!-- AddThis Share Buttons generic via filter on wp_trim_excerpt --><\/p>\n","protected":false},"author":17,"featured_media":0,"comment_status":"closed","ping_status":"open","sticky":false,"template":"","format":"standard","meta":{"_monsterinsights_skip_tracking":false,"_monsterinsights_sitenote_active":false,"_monsterinsights_sitenote_note":"","_monsterinsights_sitenote_category":0,"_uf_show_specific_survey":0,"_uf_disable_surveys":false,"footnotes":""},"categories":[976],"tags":[],"class_list":["post-20126","post","type-post","status-publish","format-standard","hentry","category-noticias-em-destaque"],"acf":[],"_links":{"self":[{"href":"https:\/\/pdt-rj.org.br\/index.php\/wp-json\/wp\/v2\/posts\/20126","targetHints":{"allow":["GET"]}}],"collection":[{"href":"https:\/\/pdt-rj.org.br\/index.php\/wp-json\/wp\/v2\/posts"}],"about":[{"href":"https:\/\/pdt-rj.org.br\/index.php\/wp-json\/wp\/v2\/types\/post"}],"author":[{"embeddable":true,"href":"https:\/\/pdt-rj.org.br\/index.php\/wp-json\/wp\/v2\/users\/17"}],"replies":[{"embeddable":true,"href":"https:\/\/pdt-rj.org.br\/index.php\/wp-json\/wp\/v2\/comments?post=20126"}],"version-history":[{"count":1,"href":"https:\/\/pdt-rj.org.br\/index.php\/wp-json\/wp\/v2\/posts\/20126\/revisions"}],"predecessor-version":[{"id":56475,"href":"https:\/\/pdt-rj.org.br\/index.php\/wp-json\/wp\/v2\/posts\/20126\/revisions\/56475"}],"wp:attachment":[{"href":"https:\/\/pdt-rj.org.br\/index.php\/wp-json\/wp\/v2\/media?parent=20126"}],"wp:term":[{"taxonomy":"category","embeddable":true,"href":"https:\/\/pdt-rj.org.br\/index.php\/wp-json\/wp\/v2\/categories?post=20126"},{"taxonomy":"post_tag","embeddable":true,"href":"https:\/\/pdt-rj.org.br\/index.php\/wp-json\/wp\/v2\/tags?post=20126"}],"curies":[{"name":"wp","href":"https:\/\/api.w.org\/{rel}","templated":true}]}}