{"id":20121,"date":"2010-04-13T00:00:00","date_gmt":"2010-04-13T00:00:00","guid":{"rendered":"http:\/\/www.malungo2.com.br\/pdt\/index.php\/tv-ulb-atuacao-do-legislador"},"modified":"2017-10-26T09:08:18","modified_gmt":"2017-10-26T11:08:18","slug":"tv-ulb-atuacao-do-legislador","status":"publish","type":"post","link":"https:\/\/pdt-rj.org.br\/index.php\/tv-ulb-atuacao-do-legislador\/","title":{"rendered":"TV ULB: atua\u00e7\u00e3o do legislador"},"content":{"rendered":"<p>Quem n\u00e3o participou, mas est\u00e1 assistindo pela internet as palestras do III Encontro de Vereadores, hoje vai acompanhar mais tr\u00eas discuss\u00f5es tem\u00e1ticas, imperd\u00edveis: <BR><BR>Vieira da Cunha fala sobre a atua\u00e7\u00e3o do legislador do PDT; <BR>S\u00e9rgio Miranda destaca a import\u00e2ncia das bandeiras do Partido e processo or\u00e7ament\u00e1rio nos legislativos; <BR>Cristovam Buarque aponta propostas simples, mas que fazem a diferen\u00e7a e deixam o mandato com a marca pedetista. <BR>No jornalismo, todos poder\u00e3o acompanhar os preparativos para a conven\u00e7\u00e3o nacional do PDT, em S\u00e3o Paulo, dia 12 de junho. <BR><BR>Fica sabendo que Lei de autoria da senadora Patr\u00edcia Saboya ganha campanha do Senado para sensibilizar a ades\u00e3o das empresas brasileiras \u00e0 Licen\u00e7a Maternidade de seis meses. <BR><BR>De olho nas elei\u00e7\u00f5es, o movimento sindicalista do PDT reestrutura-se e promove encontro no m\u00eas que vem em Bras\u00edlia. Juventude Socialista tamb\u00e9m na capital federal fez neste final de semana mais uma imers\u00e3o para discutir pol\u00edtica econ\u00f4mica e elei\u00e7\u00f5es 2010. <BR><BR>E n\u00e3o se esque\u00e7a: avise aos companheiros, que n\u00e3o assistiram ao programa desta semana e das semanas anteriores, que toda a programa\u00e7\u00e3o da TV ULB agora est\u00e1 dispon\u00edvel na internet, nos sites do PDT nacional e da Universidade Leonel Brizola. Clique aqui para ter acesso aos v\u00eddeos:<BR><BR><BR><BR><A href=\"http:\/\/www.youtube.com\/watch?v=QikpTA8IKL8\">Jornalismo bloco um<\/A><BR><BR><BR><A href=\"http:\/\/www.youtube.com\/user\/pdtms12#p\/u\/4\/l7GbubSOBr8\">Jornalismo bloco dois<\/A><BR><BR><BR><A href=\"http:\/\/www.youtube.com\/user\/pdtms12#p\/u\/7\/8iGj8bYhwWE\">Jornalismo bloco tr\u00ebs<\/A><BR><BR><BR><A href=\"http:\/\/www.youtube.com\/watch?v=1jkcbEMCv0Y\">Palestra Cristovam Buarqu<\/A>e<BR><BR><A href=\"http:\/\/www.youtube.com\/user\/pdtms12#p\/u\/9\/j8UqIblpLGk\">Palestra Cristovam II<\/A><BR><BR><A href=\"http:\/\/www.youtube.com\/watch?v=LMZ4Wn_JRcQ\">Palestra dep.Vieira da Cunha<\/A><BR><BR><A href=\"http:\/\/www.youtube.com\/user\/pdtms12#p\/u\/17\/8QGDS6Uv8do\">Palestra Vieira da Cunha II<\/A><BR><BR><BR><BR><BR><BR><BR>http:\/\/www.ulb.org.br\/moodle\/mod\/resource\/view.php?id=249<BR><\/p>\n<!-- AddThis Advanced Settings generic via filter on the_content --><!-- AddThis Share Buttons generic via filter on the_content -->","protected":false},"excerpt":{"rendered":"<p>Quem n\u00e3o participou, mas est\u00e1 assistindo pela internet as palestras do III Encontro de Vereadores, hoje vai acompanhar mais tr\u00eas discuss\u00f5es tem\u00e1ticas, imperd\u00edveis: Vieira da Cunha fala sobre a atua\u00e7\u00e3o do legislador do PDT; S\u00e9rgio Miranda destaca a import\u00e2ncia das bandeiras do Partido e processo or\u00e7ament\u00e1rio nos legislativos; Cristovam Buarque aponta propostas simples, mas que&#8230;<!-- AddThis Advanced Settings generic via filter on wp_trim_excerpt --><!-- AddThis Share Buttons generic via filter on wp_trim_excerpt --><\/p>\n","protected":false},"author":17,"featured_media":0,"comment_status":"closed","ping_status":"open","sticky":false,"template":"","format":"standard","meta":{"_monsterinsights_skip_tracking":false,"_monsterinsights_sitenote_active":false,"_monsterinsights_sitenote_note":"","_monsterinsights_sitenote_category":0,"_uf_show_specific_survey":0,"_uf_disable_surveys":false,"footnotes":""},"categories":[976],"tags":[],"class_list":["post-20121","post","type-post","status-publish","format-standard","hentry","category-noticias-em-destaque"],"acf":[],"_links":{"self":[{"href":"https:\/\/pdt-rj.org.br\/index.php\/wp-json\/wp\/v2\/posts\/20121","targetHints":{"allow":["GET"]}}],"collection":[{"href":"https:\/\/pdt-rj.org.br\/index.php\/wp-json\/wp\/v2\/posts"}],"about":[{"href":"https:\/\/pdt-rj.org.br\/index.php\/wp-json\/wp\/v2\/types\/post"}],"author":[{"embeddable":true,"href":"https:\/\/pdt-rj.org.br\/index.php\/wp-json\/wp\/v2\/users\/17"}],"replies":[{"embeddable":true,"href":"https:\/\/pdt-rj.org.br\/index.php\/wp-json\/wp\/v2\/comments?post=20121"}],"version-history":[{"count":1,"href":"https:\/\/pdt-rj.org.br\/index.php\/wp-json\/wp\/v2\/posts\/20121\/revisions"}],"predecessor-version":[{"id":56476,"href":"https:\/\/pdt-rj.org.br\/index.php\/wp-json\/wp\/v2\/posts\/20121\/revisions\/56476"}],"wp:attachment":[{"href":"https:\/\/pdt-rj.org.br\/index.php\/wp-json\/wp\/v2\/media?parent=20121"}],"wp:term":[{"taxonomy":"category","embeddable":true,"href":"https:\/\/pdt-rj.org.br\/index.php\/wp-json\/wp\/v2\/categories?post=20121"},{"taxonomy":"post_tag","embeddable":true,"href":"https:\/\/pdt-rj.org.br\/index.php\/wp-json\/wp\/v2\/tags?post=20121"}],"curies":[{"name":"wp","href":"https:\/\/api.w.org\/{rel}","templated":true}]}}