{"id":20114,"date":"2010-04-08T00:00:00","date_gmt":"2010-04-08T00:00:00","guid":{"rendered":"http:\/\/www.malungo2.com.br\/pdt\/index.php\/santiago-projeto-e-fundamental-para-moralizacao-da-politica-2"},"modified":"2017-10-26T09:08:18","modified_gmt":"2017-10-26T11:08:18","slug":"santiago-projeto-e-fundamental-para-moralizacao-da-politica-2","status":"publish","type":"post","link":"https:\/\/pdt-rj.org.br\/index.php\/santiago-projeto-e-fundamental-para-moralizacao-da-politica-2\/","title":{"rendered":"Santiago: projeto \u00e9 fundamental para moraliza\u00e7\u00e3o da pol\u00edtica"},"content":{"rendered":"<p>Pela segunda vez este ano, a vota\u00e7\u00e3o do projeto Ficha Limpa (PLP 518\/09 e outros) foi adiada. Desta vez foi transferida para a primeira semana de maio. Os l\u00edderes decidiram encaminhar as propostas para a Comiss\u00e3o de Constitui\u00e7\u00e3o e Justi\u00e7a e de Cidadania para eventuais mudan\u00e7as no texto do relator. A comiss\u00e3o ter\u00e1 prazo at\u00e9 o dia 29 de abril para aprovar um parecer sobre as propostas. <BR><BR>Para o deputado Paulo Rubem Santiago (PDT-PE), que tamb\u00e9m \u00e9 o coordenador da Frente Parlamentar de Combate \u00e0 Corrup\u00e7\u00e3o, o projeto precisa ser votado com urg\u00eancia para que o cidad\u00e3o possa saber quem foi o parlamentar que votou contra ou a favor do projeto, que \u00e9 fundamental para moraliza\u00e7\u00e3o da pol\u00edtica. \u0093Quando o cidad\u00e3o vota, ele est\u00e1 colocando uma procura\u00e7\u00e3o na m\u00e3o do parlamentar para represent\u00e1-lo na vida pol\u00edtica. A pessoa est\u00e1 confiando que o pol\u00edtico administre bem o dinheiro e n\u00e3o desvie recursos da administra\u00e7\u00e3o p\u00fablica. Esse projeto vai evitar que, caso seja condenado em segunda inst\u00e2ncia, seja candidato novamente\u0094. <BR><BR>Se o parecer n\u00e3o for aprovado at\u00e9 essa data, as propostas ser\u00e3o analisadas diretamente pelo Plen\u00e1rio em regime de urg\u00eancia. O PMDB e PT se comprometeram a assinar o pedido de urg\u00eancia apresentado hoje pelo DEM. A expectativa inicial era come\u00e7ar a discutir as propostas sobre o assunto ainda hoje, em sess\u00e3o extraordin\u00e1ria marcada para o in\u00edcio da noite. <BR><BR>Emendas <BR>Alguns l\u00edderes anunciaram que apresentar\u00e3o emendas para mudar o texto do relator, deputado \u00cdndio da Costa (DEM-RJ). O texto da principal proposta em an\u00e1lise \u0096 o Projeto de Lei Complementar 518\/09, de iniciativa popular \u0096 impede a candidatura de quem tiver qualquer condena\u00e7\u00e3o em primeira inst\u00e2ncia. O relator, deputado Indio da Costa (DEM-RJ), alterou essa exig\u00eancia com o objetivo de evitar persegui\u00e7\u00f5es pol\u00edticas. Ele prop\u00f5e a inelegibilidade dos candidatos somente ap\u00f3s a condena\u00e7\u00e3o em \u00f3rg\u00e3o colegiado, independentemente da inst\u00e2ncia. <BR><BR><\/p>\n<!-- AddThis Advanced Settings generic via filter on the_content --><!-- AddThis Share Buttons generic via filter on the_content -->","protected":false},"excerpt":{"rendered":"<p>Pela segunda vez este ano, a vota\u00e7\u00e3o do projeto Ficha Limpa (PLP 518\/09 e outros) foi adiada. Desta vez foi transferida para a primeira semana de maio. Os l\u00edderes decidiram encaminhar as propostas para a Comiss\u00e3o de Constitui\u00e7\u00e3o e Justi\u00e7a e de Cidadania para eventuais mudan\u00e7as no texto do relator. A comiss\u00e3o ter\u00e1 prazo at\u00e9&#8230;<!-- AddThis Advanced Settings generic via filter on wp_trim_excerpt --><!-- AddThis Share Buttons generic via filter on wp_trim_excerpt --><\/p>\n","protected":false},"author":17,"featured_media":0,"comment_status":"closed","ping_status":"open","sticky":false,"template":"","format":"standard","meta":{"_monsterinsights_skip_tracking":false,"_monsterinsights_sitenote_active":false,"_monsterinsights_sitenote_note":"","_monsterinsights_sitenote_category":0,"_uf_show_specific_survey":0,"_uf_disable_surveys":false,"footnotes":""},"categories":[976],"tags":[],"class_list":["post-20114","post","type-post","status-publish","format-standard","hentry","category-noticias-em-destaque"],"acf":[],"_links":{"self":[{"href":"https:\/\/pdt-rj.org.br\/index.php\/wp-json\/wp\/v2\/posts\/20114","targetHints":{"allow":["GET"]}}],"collection":[{"href":"https:\/\/pdt-rj.org.br\/index.php\/wp-json\/wp\/v2\/posts"}],"about":[{"href":"https:\/\/pdt-rj.org.br\/index.php\/wp-json\/wp\/v2\/types\/post"}],"author":[{"embeddable":true,"href":"https:\/\/pdt-rj.org.br\/index.php\/wp-json\/wp\/v2\/users\/17"}],"replies":[{"embeddable":true,"href":"https:\/\/pdt-rj.org.br\/index.php\/wp-json\/wp\/v2\/comments?post=20114"}],"version-history":[{"count":1,"href":"https:\/\/pdt-rj.org.br\/index.php\/wp-json\/wp\/v2\/posts\/20114\/revisions"}],"predecessor-version":[{"id":56485,"href":"https:\/\/pdt-rj.org.br\/index.php\/wp-json\/wp\/v2\/posts\/20114\/revisions\/56485"}],"wp:attachment":[{"href":"https:\/\/pdt-rj.org.br\/index.php\/wp-json\/wp\/v2\/media?parent=20114"}],"wp:term":[{"taxonomy":"category","embeddable":true,"href":"https:\/\/pdt-rj.org.br\/index.php\/wp-json\/wp\/v2\/categories?post=20114"},{"taxonomy":"post_tag","embeddable":true,"href":"https:\/\/pdt-rj.org.br\/index.php\/wp-json\/wp\/v2\/tags?post=20114"}],"curies":[{"name":"wp","href":"https:\/\/api.w.org\/{rel}","templated":true}]}}