{"id":20112,"date":"2010-04-01T00:00:00","date_gmt":"2010-04-01T00:00:00","guid":{"rendered":"http:\/\/www.malungo2.com.br\/pdt\/index.php\/fortunati-pdt-assume-prefeitura-de-porto-alegre"},"modified":"2017-10-26T09:08:19","modified_gmt":"2017-10-26T11:08:19","slug":"fortunati-12-assume-prefeitura-de-porto-alegre","status":"publish","type":"post","link":"https:\/\/pdt-rj.org.br\/index.php\/fortunati-12-assume-prefeitura-de-porto-alegre\/","title":{"rendered":"Fortunati (PDT) assume prefeitura de Porto Alegre"},"content":{"rendered":"<p><STRONG>Jos\u00e9 Fortunati \u00e9 Prefeito de Porto Alegre <BR><\/STRONG><BR>Diversas lideran\u00e7as do PDT, deputados estaduais e federais, vereadores, sindicalistas, empres\u00e1rios e trabalhadores participaram do ato de posse de Jos\u00e9 Fortunati como prefeito de Porto Alegre. O ato solene, na C\u00e2mara de Vereadores, foi prestigiado tamb\u00e9m pelo ex-prefeito da capital e ex-governador Alceu Collares, e o deputado Pompeo de Mattos. <BR><BR>Depois de empossado, ao se manifestar, o prefeito Jos\u00e9 Fortunati pediu um minuto de sil\u00eancio em mem\u00f3ria do ex-vice-prefeito de Porto Alegre, Eliseu Santos, e do ex-deputado e ex-presidente do PDT, Matheus Schmidt, recentemente falecido. <BR><BR>Com as galerias do plen\u00e1rio lotadas, Fortunati fez o compromisso legal de posse e, durante 25 minutos, reiterou que n\u00e3o assume a prefeitura para mudar \u0093porque os objetivos tra\u00e7ados com Foga\u00e7a v\u00e3o continuar os mesmos\u0094, afirmou. Depois de afirmar que \u0093este \u00e9 o momento mais tocante de minha vida\u0094, o ex-sindicalista e ex-vereador disse que estava realizando um sonho acalentado h\u00e1 muito tempo. Depois de uma breve exposi\u00e7\u00e3o sobre as realiza\u00e7\u00f5es sociais do atual governo municipal, reafirmou que dar\u00e1 continuidade aos compromissos assumidos pelo ex-prefeito Jos\u00e9 Foga\u00e7a, \u0093temos o mesmo projeto, o mesmo objetivo\u0094. Falou aos vereadores que precisar\u00e1 da colabora\u00e7\u00e3o de todos, especialmente do l\u00edder do governo, o experiente e mais antigo vereador da capital, Jo\u00e3o Dib (PP). <BR><BR>O l\u00edder da bancada do PDT, deputado Adroaldo Loureiro, acompanhado dos deputados Ciro Simoni, Gilmar Sossella e Paulo Azeredo, acompanhou a posse solene de Jos\u00e9 Fortunati como prefeito de Porto Alegre. O presidente municipal do PDT e secret\u00e1rio de Direitos Humanos, Nereu D\u0092Avila, Licia Peres, o professor Ant\u00f4nio de P\u00e1dua e expressivas lideran\u00e7as trabalhistas, assim como o PDT de Canoas estiveram prestigiando a posse no legislativo municipal.&nbsp;<BR><BR>&nbsp;&nbsp;&nbsp;&nbsp;<\/p>\n<!-- AddThis Advanced Settings generic via filter on the_content --><!-- AddThis Share Buttons generic via filter on the_content -->","protected":false},"excerpt":{"rendered":"<p>Jos\u00e9 Fortunati \u00e9 Prefeito de Porto Alegre Diversas lideran\u00e7as do PDT, deputados estaduais e federais, vereadores, sindicalistas, empres\u00e1rios e trabalhadores participaram do ato de posse de Jos\u00e9 Fortunati como prefeito de Porto Alegre. O ato solene, na C\u00e2mara de Vereadores, foi prestigiado tamb\u00e9m pelo ex-prefeito da capital e ex-governador Alceu Collares, e o deputado Pompeo&#8230;<!-- AddThis Advanced Settings generic via filter on wp_trim_excerpt --><!-- AddThis Share Buttons generic via filter on wp_trim_excerpt --><\/p>\n","protected":false},"author":17,"featured_media":0,"comment_status":"closed","ping_status":"open","sticky":false,"template":"","format":"standard","meta":{"_monsterinsights_skip_tracking":false,"_monsterinsights_sitenote_active":false,"_monsterinsights_sitenote_note":"","_monsterinsights_sitenote_category":0,"_uf_show_specific_survey":0,"_uf_disable_surveys":false,"footnotes":""},"categories":[976],"tags":[],"class_list":["post-20112","post","type-post","status-publish","format-standard","hentry","category-noticias-em-destaque"],"acf":[],"_links":{"self":[{"href":"https:\/\/pdt-rj.org.br\/index.php\/wp-json\/wp\/v2\/posts\/20112","targetHints":{"allow":["GET"]}}],"collection":[{"href":"https:\/\/pdt-rj.org.br\/index.php\/wp-json\/wp\/v2\/posts"}],"about":[{"href":"https:\/\/pdt-rj.org.br\/index.php\/wp-json\/wp\/v2\/types\/post"}],"author":[{"embeddable":true,"href":"https:\/\/pdt-rj.org.br\/index.php\/wp-json\/wp\/v2\/users\/17"}],"replies":[{"embeddable":true,"href":"https:\/\/pdt-rj.org.br\/index.php\/wp-json\/wp\/v2\/comments?post=20112"}],"version-history":[{"count":1,"href":"https:\/\/pdt-rj.org.br\/index.php\/wp-json\/wp\/v2\/posts\/20112\/revisions"}],"predecessor-version":[{"id":56487,"href":"https:\/\/pdt-rj.org.br\/index.php\/wp-json\/wp\/v2\/posts\/20112\/revisions\/56487"}],"wp:attachment":[{"href":"https:\/\/pdt-rj.org.br\/index.php\/wp-json\/wp\/v2\/media?parent=20112"}],"wp:term":[{"taxonomy":"category","embeddable":true,"href":"https:\/\/pdt-rj.org.br\/index.php\/wp-json\/wp\/v2\/categories?post=20112"},{"taxonomy":"post_tag","embeddable":true,"href":"https:\/\/pdt-rj.org.br\/index.php\/wp-json\/wp\/v2\/tags?post=20112"}],"curies":[{"name":"wp","href":"https:\/\/api.w.org\/{rel}","templated":true}]}}