{"id":20110,"date":"2010-04-05T00:00:00","date_gmt":"2010-04-05T00:00:00","guid":{"rendered":"http:\/\/www.malungo2.com.br\/pdt\/index.php\/tv-ulb-pdt-lamenta-morte-de-matheus-schmidt"},"modified":"2017-10-26T09:08:19","modified_gmt":"2017-10-26T11:08:19","slug":"tv-ulb-12-lamenta-morte-de-matheus-schmidt","status":"publish","type":"post","link":"https:\/\/pdt-rj.org.br\/index.php\/tv-ulb-12-lamenta-morte-de-matheus-schmidt\/","title":{"rendered":"TV ULB: PDT lamenta morte de Matheus Schmidt"},"content":{"rendered":"<p>O programa de hoje traz a triste not\u00edcia da morte do dirigente ga\u00facho Matheus Schmidt, companheiro de Brizola e um dos fundadores do PDT. Not\u00edcia que pegou a todos de surpresa, mas que nos fez recordar toda a sua vida de luta. Uma vida que vale a pena voc\u00ea conhecer. Hoje, voc\u00ea assiste um pouco mais do iii encontro dos vereadores. veja aqui a palestra do presidente Carlos Lupi, em que pede aos pedetistas reflex\u00e3o sobre o ano eleitoral e tamb\u00e9m sobre o que \u00e9 melhor para o crescimento e fortalecimento do PDT. E aten\u00e7\u00e3o: quem n\u00e3o p\u00f4de comparecer ao encontro, j\u00e1 pode assistir pela internet os primeiros v\u00eddeos dessa reuni\u00e3o pedetista, que trouxe a Bras\u00edlia centenas de militantes de todo o Brasil. Confira, agora, o que foi not\u00edcia.<BR><BR><A href=\"http:\/\/www.youtube.com\/watch?v=1EhaBPaspO4\">Jornalismo Bloco um<\/A><BR><BR><BR><A href=\"http:\/\/www.youtube.com\/watch?v=YPXC1LP4ZEg\">Jornalismo Bloco dois<\/A><BR><BR><BR><A href=\"http:\/\/www.youtube.com\/watch?v=WLqywb13naE&amp;feature=related\">Jornalismo Bloco tr\u00eas<\/A><BR><BR><A href=\"http:\/\/www.youtube.com\/watch?v=EBXrZdiyIC8\">Entrevista com Miguelina Vecchio,&nbsp;presidente da AMT &#8211; A\u00e7\u00e3o da &nbsp;Mulher Trabalhista<\/A><BR><BR><BR><A href=\"http:\/\/www.youtube.com\/watch?v=tZCTIg0XVG4\">Palestra de Carlos Lupi &#8211; TV ULB &#8211; Parte 1<\/A>&nbsp;<BR><BR><BR><A href=\"http:\/\/www.youtube.com\/watch?v=Fk0KKCE0rjE\">Palestra de Carlos Lupi &#8211; TV ULB &#8211; Parte 2<\/A>&nbsp;<BR><BR><BR><A href=\"http:\/\/www.youtube.com\/watch?v=Mn6eR5nKzTQ\">Palestra Carlos Lupi &#8211; TV ULB &#8211; Parte 3<\/A> <\/p>\n<!-- AddThis Advanced Settings generic via filter on the_content --><!-- AddThis Share Buttons generic via filter on the_content -->","protected":false},"excerpt":{"rendered":"<p>O programa de hoje traz a triste not\u00edcia da morte do dirigente ga\u00facho Matheus Schmidt, companheiro de Brizola e um dos fundadores do PDT. Not\u00edcia que pegou a todos de surpresa, mas que nos fez recordar toda a sua vida de luta. Uma vida que vale a pena voc\u00ea conhecer. Hoje, voc\u00ea assiste um pouco&#8230;<!-- AddThis Advanced Settings generic via filter on wp_trim_excerpt --><!-- AddThis Share Buttons generic via filter on wp_trim_excerpt --><\/p>\n","protected":false},"author":17,"featured_media":0,"comment_status":"closed","ping_status":"open","sticky":false,"template":"","format":"standard","meta":{"_monsterinsights_skip_tracking":false,"_monsterinsights_sitenote_active":false,"_monsterinsights_sitenote_note":"","_monsterinsights_sitenote_category":0,"_uf_show_specific_survey":0,"_uf_disable_surveys":false,"footnotes":""},"categories":[976],"tags":[],"class_list":["post-20110","post","type-post","status-publish","format-standard","hentry","category-noticias-em-destaque"],"acf":[],"_links":{"self":[{"href":"https:\/\/pdt-rj.org.br\/index.php\/wp-json\/wp\/v2\/posts\/20110","targetHints":{"allow":["GET"]}}],"collection":[{"href":"https:\/\/pdt-rj.org.br\/index.php\/wp-json\/wp\/v2\/posts"}],"about":[{"href":"https:\/\/pdt-rj.org.br\/index.php\/wp-json\/wp\/v2\/types\/post"}],"author":[{"embeddable":true,"href":"https:\/\/pdt-rj.org.br\/index.php\/wp-json\/wp\/v2\/users\/17"}],"replies":[{"embeddable":true,"href":"https:\/\/pdt-rj.org.br\/index.php\/wp-json\/wp\/v2\/comments?post=20110"}],"version-history":[{"count":1,"href":"https:\/\/pdt-rj.org.br\/index.php\/wp-json\/wp\/v2\/posts\/20110\/revisions"}],"predecessor-version":[{"id":56486,"href":"https:\/\/pdt-rj.org.br\/index.php\/wp-json\/wp\/v2\/posts\/20110\/revisions\/56486"}],"wp:attachment":[{"href":"https:\/\/pdt-rj.org.br\/index.php\/wp-json\/wp\/v2\/media?parent=20110"}],"wp:term":[{"taxonomy":"category","embeddable":true,"href":"https:\/\/pdt-rj.org.br\/index.php\/wp-json\/wp\/v2\/categories?post=20110"},{"taxonomy":"post_tag","embeddable":true,"href":"https:\/\/pdt-rj.org.br\/index.php\/wp-json\/wp\/v2\/tags?post=20110"}],"curies":[{"name":"wp","href":"https:\/\/api.w.org\/{rel}","templated":true}]}}