{"id":20109,"date":"2010-03-30T00:00:00","date_gmt":"2010-03-30T00:00:00","guid":{"rendered":"http:\/\/www.malungo2.com.br\/pdt\/index.php\/tv-ulb-nesta-semana-processo-eleitoral"},"modified":"2017-10-26T09:08:19","modified_gmt":"2017-10-26T11:08:19","slug":"tv-ulb-nesta-semana-processo-eleitoral","status":"publish","type":"post","link":"https:\/\/pdt-rj.org.br\/index.php\/tv-ulb-nesta-semana-processo-eleitoral\/","title":{"rendered":"TV ULB: nesta semana, processo eleitoral"},"content":{"rendered":"<p>O programa desta semana (29\/03) \u00e9 dedicado ao Encontro dos Vereadores do PDT &#8211; um compacto do encontro. Assista a entrevista com presidente Carlos Lupi e confirme o tom pol\u00edtico do programa. Saiba como a dire\u00e7\u00e3o nacional v\u00ea o processo eleitoral, quais ser\u00e3o os debates que marcar\u00e3o a campanha e de que forma o PDT se insere no atual contexto pol\u00edtico j\u00e1 polarizado das pr\u00e9-candidaturas \u00e0 Presid\u00eancia. Veja como executiva nacional pretende orientar as alian\u00e7as estaduais.&nbsp;&nbsp;<BR><BR><BR>TV ULB &#8211; 29\/03\/2010 &#8211;&nbsp;<BR><BR><A href=\"http:\/\/www.youtube.com\/watch?v=dlDcFDPGDAE\">Abertura<\/A><BR><BR><BR><A href=\"http:\/\/www.youtube.com\/watch?v=UQ__KKjK768\">Palestra Manoel Dias &#8211; III Encontro Nacional dos Vereadores do PDT &#8211; Parte 1 &#8211; 29\/03\/2010<\/A><BR><BR><BR><BR>Jornalismo <A href=\"http:\/\/www.youtube.com\/watch?v=XD-V7KOJ-qU\">Bloco um<\/A><BR><BR>Jornalismo <A href=\"http:\/\/www.youtube.com\/watch?v=qnFhy-YqOtw\">Bloco dois<BR><\/A><BR>Jornalismo <A href=\"http:\/\/www.youtube.com\/watch?v=nMdZqT0-yao\">Bloco tr\u00eas<\/A><BR><BR><BR><BR><STRONG><IMG height=150 src=\"\/images\/lupiolhar.jpg\" width=200 align=left border=0>Olhar Trabalhista&nbsp;com o &nbsp;Ministro Carlos Lupi<\/STRONG> &#8211;<BR><BR><A href=\"http:\/\/www.youtube.com\/watch?v=YqOFQLFuwXw\">Parte&nbsp;Um<BR><BR><\/A><BR><A href=\"http:\/\/www.youtube.com\/watch?v=tPnJYLr2_ic\">Parte Dois<\/A><BR><BR><\/p>\n<!-- AddThis Advanced Settings generic via filter on the_content --><!-- AddThis Share Buttons generic via filter on the_content -->","protected":false},"excerpt":{"rendered":"<p>O programa desta semana (29\/03) \u00e9 dedicado ao Encontro dos Vereadores do PDT &#8211; um compacto do encontro. Assista a entrevista com presidente Carlos Lupi e confirme o tom pol\u00edtico do programa. Saiba como a dire\u00e7\u00e3o nacional v\u00ea o processo eleitoral, quais ser\u00e3o os debates que marcar\u00e3o a campanha e de que forma o PDT&#8230;<!-- AddThis Advanced Settings generic via filter on wp_trim_excerpt --><!-- AddThis Share Buttons generic via filter on wp_trim_excerpt --><\/p>\n","protected":false},"author":17,"featured_media":0,"comment_status":"closed","ping_status":"open","sticky":false,"template":"","format":"standard","meta":{"_monsterinsights_skip_tracking":false,"_monsterinsights_sitenote_active":false,"_monsterinsights_sitenote_note":"","_monsterinsights_sitenote_category":0,"_uf_show_specific_survey":0,"_uf_disable_surveys":false,"footnotes":""},"categories":[976],"tags":[],"class_list":["post-20109","post","type-post","status-publish","format-standard","hentry","category-noticias-em-destaque"],"acf":[],"_links":{"self":[{"href":"https:\/\/pdt-rj.org.br\/index.php\/wp-json\/wp\/v2\/posts\/20109","targetHints":{"allow":["GET"]}}],"collection":[{"href":"https:\/\/pdt-rj.org.br\/index.php\/wp-json\/wp\/v2\/posts"}],"about":[{"href":"https:\/\/pdt-rj.org.br\/index.php\/wp-json\/wp\/v2\/types\/post"}],"author":[{"embeddable":true,"href":"https:\/\/pdt-rj.org.br\/index.php\/wp-json\/wp\/v2\/users\/17"}],"replies":[{"embeddable":true,"href":"https:\/\/pdt-rj.org.br\/index.php\/wp-json\/wp\/v2\/comments?post=20109"}],"version-history":[{"count":1,"href":"https:\/\/pdt-rj.org.br\/index.php\/wp-json\/wp\/v2\/posts\/20109\/revisions"}],"predecessor-version":[{"id":56488,"href":"https:\/\/pdt-rj.org.br\/index.php\/wp-json\/wp\/v2\/posts\/20109\/revisions\/56488"}],"wp:attachment":[{"href":"https:\/\/pdt-rj.org.br\/index.php\/wp-json\/wp\/v2\/media?parent=20109"}],"wp:term":[{"taxonomy":"category","embeddable":true,"href":"https:\/\/pdt-rj.org.br\/index.php\/wp-json\/wp\/v2\/categories?post=20109"},{"taxonomy":"post_tag","embeddable":true,"href":"https:\/\/pdt-rj.org.br\/index.php\/wp-json\/wp\/v2\/tags?post=20109"}],"curies":[{"name":"wp","href":"https:\/\/api.w.org\/{rel}","templated":true}]}}