{"id":20108,"date":"2010-03-28T00:00:00","date_gmt":"2010-03-28T00:00:00","guid":{"rendered":"http:\/\/www.malungo2.com.br\/pdt\/index.php\/pdt-lamenta-morte-do-ex-deputado-matheus-schmidt"},"modified":"2017-10-26T09:08:19","modified_gmt":"2017-10-26T11:08:19","slug":"12-lamenta-morte-do-ex-deputado-matheus-schmidt","status":"publish","type":"post","link":"https:\/\/pdt-rj.org.br\/index.php\/12-lamenta-morte-do-ex-deputado-matheus-schmidt\/","title":{"rendered":"PDT lamenta morte do ex-deputado Matheus Schmidt"},"content":{"rendered":"<p>O PDT do Rio Grande do Sul anuncia com pesar o falecimento neste s\u00e1bado, 27, do ex-deputado federal, secret\u00e1rio dos Transportes e dirigente da sigla Matheus Schmidt. Aos 83 anos, mantinha fidelidade \u00e0 milit\u00e2ncia partid\u00e1ria, atuando nas decis\u00f5es pol\u00edticas e nos encontros semanais da legenda. Nas \u00faltimas semanas, participou ativamente dos encontros que debateram a coliga\u00e7\u00e3o do PDT com o PMDB. Esteve nas duas \u00faltimas reuni\u00f5es que confirmaram a alian\u00e7a entre as duas siglas, na semana passada. Na sede do PMDB, na quinta-feira (25), estava ao lado do presidente estadual do PDT, Romildo Bolzan Jr, dos deputados estaduais e federais que aclamaram a coliga\u00e7\u00e3o. <BR><BR>Matheus Schmidt faleceu no in\u00edcio da noite deste s\u00e1bado (27), de parada card\u00edaca, em sua resid\u00eancia em Porto Alegre. <BR><BR>Matheus Jos\u00e9 Schmidt Filho nasceu em 28 de outubro de 1926,no interior de Santa Cruz do Sul. \u00d3rf\u00e3o de m\u00e3e e pai ao assumir os estudos de Direito na Universidade Federal do Rio Grande do Sul, foi l\u00edder estudantil e presidente do Centro Acad\u00eamico do curso de Direito aos 20 anos. Nessa \u00e9poca, atuava no jornal comunista Tribuna Ga\u00facha. Em 1948, esteve um per\u00edodo exilado no Uruguai, tendo vivido em Rivera, na fronteira com Santana do Livramento. L\u00e1, editava um jornal comunista. Em julho de 1949 retornou e casou, em Cachoeira do Sul, com Sueelly Feldman Schmidt, com quem teve cinco filhos (Tito, M\u00e1rcia e as trig\u00eameas Fl\u00e1via, Silvia e Gl\u00e1ucia). Passou a advogar em Cachoeira do Sul, onde se elegeu vice-prefeito em 1960. Durante o governo Leonel Brizola (1959\/1963), Matheus Schmidt assumiu a chefia de gabinete da secretaria de Administra\u00e7\u00e3o. Participou ativamente da Campanha da Legalidade. Na primeira disputa para a C\u00e2mara dos Deputados, em 1962, ficou na quinta supl\u00eancia. Em 1966 se elegeu deputado federal como o quinto mais votado pelo PTB do Rio Grande do Sul. Assumiu o mandato e foi eleito vice-presidente da C\u00e2mara dos Deputados. Vinculado ao movimento estudantil, atuou em momentos tensos de confronto com os militares em protestos nas ruas da capital federal. Foi um dos deputados que liderou cord\u00e3o humano em Bras\u00edlia para defender os estudantes durante protesto fortemente reprimido pelos militares. Logo em seguida, em dezembro de 1968, atrav\u00e9s do Ato Institucional no. 5 foi inclu\u00eddo na primeira lista de cassa\u00e7\u00f5es. Voltou para Porto Alegre e se dedicou \u00e0 advocacia. Embora sem mandato parlamentar, n\u00e3o se afastou da pol\u00edtica. Participou em Lisboa do hist\u00f3rico encontro dos trabalhistas com Leonel Brizola e, no seu retorno em setembro de 1979, estava em S\u00e3o Borja. Fundador do PDT, foi secret\u00e1rio-geral nacional do partido, auxiliando na organiza\u00e7\u00e3o partid\u00e1ria em diversos estados brasileiros. No governo Alceu Collares (1990\/1994), foi secret\u00e1rio dos Transportes. Em 1994 assumiu novo mandato como deputado federal. Presidiu o PDT do Rio Grande do Sul de 1999 a 2001 e em 2004, voltou a presidir a sigla at\u00e9 2009. Era membro do Diret\u00f3rio Regional e Nacional do PDT. Tamb\u00e9m era pecuarista. <BR><BR><BR><BR><\/p>\n<!-- AddThis Advanced Settings generic via filter on the_content --><!-- AddThis Share Buttons generic via filter on the_content -->","protected":false},"excerpt":{"rendered":"<p>O PDT do Rio Grande do Sul anuncia com pesar o falecimento neste s\u00e1bado, 27, do ex-deputado federal, secret\u00e1rio dos Transportes e dirigente da sigla Matheus Schmidt. Aos 83 anos, mantinha fidelidade \u00e0 milit\u00e2ncia partid\u00e1ria, atuando nas decis\u00f5es pol\u00edticas e nos encontros semanais da legenda. Nas \u00faltimas semanas, participou ativamente dos encontros que debateram a&#8230;<!-- AddThis Advanced Settings generic via filter on wp_trim_excerpt --><!-- AddThis Share Buttons generic via filter on wp_trim_excerpt --><\/p>\n","protected":false},"author":17,"featured_media":0,"comment_status":"closed","ping_status":"open","sticky":false,"template":"","format":"standard","meta":{"_monsterinsights_skip_tracking":false,"_monsterinsights_sitenote_active":false,"_monsterinsights_sitenote_note":"","_monsterinsights_sitenote_category":0,"_uf_show_specific_survey":0,"_uf_disable_surveys":false,"footnotes":""},"categories":[976],"tags":[],"class_list":["post-20108","post","type-post","status-publish","format-standard","hentry","category-noticias-em-destaque"],"acf":[],"_links":{"self":[{"href":"https:\/\/pdt-rj.org.br\/index.php\/wp-json\/wp\/v2\/posts\/20108","targetHints":{"allow":["GET"]}}],"collection":[{"href":"https:\/\/pdt-rj.org.br\/index.php\/wp-json\/wp\/v2\/posts"}],"about":[{"href":"https:\/\/pdt-rj.org.br\/index.php\/wp-json\/wp\/v2\/types\/post"}],"author":[{"embeddable":true,"href":"https:\/\/pdt-rj.org.br\/index.php\/wp-json\/wp\/v2\/users\/17"}],"replies":[{"embeddable":true,"href":"https:\/\/pdt-rj.org.br\/index.php\/wp-json\/wp\/v2\/comments?post=20108"}],"version-history":[{"count":1,"href":"https:\/\/pdt-rj.org.br\/index.php\/wp-json\/wp\/v2\/posts\/20108\/revisions"}],"predecessor-version":[{"id":56491,"href":"https:\/\/pdt-rj.org.br\/index.php\/wp-json\/wp\/v2\/posts\/20108\/revisions\/56491"}],"wp:attachment":[{"href":"https:\/\/pdt-rj.org.br\/index.php\/wp-json\/wp\/v2\/media?parent=20108"}],"wp:term":[{"taxonomy":"category","embeddable":true,"href":"https:\/\/pdt-rj.org.br\/index.php\/wp-json\/wp\/v2\/categories?post=20108"},{"taxonomy":"post_tag","embeddable":true,"href":"https:\/\/pdt-rj.org.br\/index.php\/wp-json\/wp\/v2\/tags?post=20108"}],"curies":[{"name":"wp","href":"https:\/\/api.w.org\/{rel}","templated":true}]}}