{"id":20104,"date":"2010-03-23T00:00:00","date_gmt":"2010-03-23T00:00:00","guid":{"rendered":"http:\/\/www.malungo2.com.br\/pdt\/index.php\/lideres-fecham-apoio-ao-estado-de-carajas"},"modified":"2017-10-26T09:08:19","modified_gmt":"2017-10-26T11:08:19","slug":"lideres-fecham-apoio-ao-estado-de-carajas","status":"publish","type":"post","link":"https:\/\/pdt-rj.org.br\/index.php\/lideres-fecham-apoio-ao-estado-de-carajas\/","title":{"rendered":"L\u00edderes fecham apoio ao Estado de Carajas"},"content":{"rendered":"<p><P><IMG height=194 src=\"\/images\/giovann.lideresi.jpg\" width=345 align=left border=0>A vota\u00e7\u00e3o do plebiscito para a cria\u00e7\u00e3o do Estado de Caraj\u00e1s, deve tramitar com pedido de urg\u00eancia urgent\u00edssima. A mat\u00e9ria tem a aprova\u00e7\u00e3o da maioria dos 513 deputados federais, mesmo antes de ir a plen\u00e1rio. O deputado federal Giovanni Queiroz (PDT-PA), intensificou visitas aos gabinetes dos deputados pessoalmente, desde a retomada dos trabalhos parlamentares ap\u00f3s o recesso do final do ano. De acordo com a previs\u00e3o de Queiroz, a consulta popular deve ser aprovada caso a mat\u00e9ria entre na pauta de vota\u00e7\u00e3o da C\u00e2mara dos Deputados. <\/P><br \/>\n<P>Os l\u00edderes partid\u00e1rios do PT, Fernando Ferro (PE); PSDB, Jo\u00e3o Almeida (BA); PDT, Dagoberto (MS); PSC, Hugo Leal (RJ), sugeriram na reuni\u00e3o do Col\u00e9gio de Lideres a inclus\u00e3o na pauta de vota\u00e7\u00f5es da proposta plebiscit\u00e1ria para a cria\u00e7\u00e3o dos Estados do Caraj\u00e1s e do Tapaj\u00f3s, a partir do desmembramento do Par\u00e1.&nbsp; <\/P><br \/>\n<P>Giovanni explicou os tr\u00e2mites do Projeto de Decreto Legislativo 159-B, de autoria dele, que disp\u00f5e sobre a cria\u00e7\u00e3o do Estado de Caraj\u00e1s, dizendo que, aprovado o plebiscito na C\u00e2mara dos Deputados e no Senado, a Assembl\u00e9ia Legislativa do Estado tem dois meses para se manifestar, mas n\u00e3o tem poder deliberativo e sim consultivo. Isso significa que, mesmo que a maioria dos deputados estaduais se mostre contr\u00e1ria \u00e0 cria\u00e7\u00e3o do novo Estado, isso n\u00e3o quer dizer que a emancipa\u00e7\u00e3o se torne invi\u00e1vel. <\/P><br \/>\n<P>Ap\u00f3s a manifesta\u00e7\u00e3o do Legislativo Estadual, ser\u00e1 apresentado na C\u00e2mara dos Deputados e no Senado um projeto de lei complementar, o qual ser\u00e1 apreciado em duas sess\u00f5es nas duas casas legislativas. Aprovado, ir\u00e1 para a san\u00e7\u00e3o presidencial criando assim os novos Estados. <\/P><br \/>\n<P>Com o aux\u00edlio de dados consolidados pelo Ipea, IBGE, dentre algumas fontes oficiais, Queiroz mostrou as potencialidades do futuro Estado de Caraj\u00e1s, ao mesmo tempo em que fazia compara\u00e7\u00f5es com o prov\u00e1vel Estado de Tapaj\u00f3s e com o, Par\u00e1, mostrando que este \u00faltimo nada tem a perder com a redivis\u00e3o.<\/P><br \/>\n<P>________<BR><BR><STRONG>Por qu\u00ea criar o Estado?<\/STRONG>&nbsp;&nbsp;&nbsp;&nbsp; <\/P><br \/>\n<P><IMG height=313 src=\"\/images\/mapadecarajas.jpg.jpg\" width=325 align=right border=0>S\u00e3o v\u00e1rias raz\u00f5es. A primeira delas, sem d\u00favida \u00e9 a possibilidade da cria\u00e7\u00e3o de uma economia din\u00e2mica e forte, como vimos com o extraordin\u00e1rio crescimento do Mato Grosso do Sul e do Tocantins, os dois \u00faltimos estados a serem criados no Brasil.&nbsp; <BR>O povo sulparaense h\u00e1 anos aguarda essa possibilidade. \u00c9 um povo cheio de esperan\u00e7as e muito trabalhador. Uma regi\u00e3o que quer construir o seu pr\u00f3prio futuro. S\u00e3o um milh\u00e3o e trezentos mil brasileiros que sofrem com defici\u00eancias nas \u00e1reas de educa\u00e7\u00e3o, sa\u00fade, seguran\u00e7a p\u00fablica, saneamento, transportes e energia el\u00e9trica. <\/P><br \/>\n<P>A cria\u00e7\u00e3o do Estado do Caraj\u00e1s&nbsp; \u00e9 um projeto que une 40 munic\u00edpios em busca de desenvolvimento social. Historicamente, a regi\u00e3o Sul do Par\u00e1 \u00e9 abandonada h\u00e1 mais de um s\u00e9culo, esquecida pela capital, distante 500 km em m\u00e9dia. Uma dist\u00e2ncia que nunca permitiu a presen\u00e7a eficaz do poder p\u00fablico. <BR>A popula\u00e7\u00e3o quer avan\u00e7os em termos de qualidade de vida. Quer poder contar com um ensino superior, com um bom emprego, com estradas dignas, com espa\u00e7os para cultura e lazer. Quer viver dignamente. <\/P><br \/>\n<P>O sul do Par\u00e1 quer ser uma nova estrela na bandeira do Brasil. Mas n\u00e3o \u00e9 s\u00f3 isso, nossa gente quer tamb\u00e9m acreditar na palavra de ordem estampada no nosso s\u00edmbolo: progresso! <\/P><br \/>\n<P>E h\u00e1 bons exemplos para acreditar nesse progresso. Afinal, as \u00faltimas regi\u00f5es a se emanciparem, como Tocantins e Mato Grosso do Sul, s\u00e3o as mais progressistas do ponto de vista s\u00f3cio-econ\u00f4mico. <\/P><br \/>\n<P>Novos estados passam a cuidar melhor das escolas, rede de sa\u00fade, infra-estrutura para atua\u00e7\u00e3o das empresas, servi\u00e7os p\u00fablicos para a popula\u00e7\u00e3o. Sem contar nas novas oportunidades de emprego, que ir\u00e3o ampliar as capacidades sociais e de condi\u00e7\u00f5es de vida. <\/P><br \/>\n<P>E por querer mudar de rumo e conquistar pol\u00edticas p\u00fablicas decentes, e resgatar a dignidade humana, h\u00e1 muito perdida, e o resultado disso tudo \u00e9 que a popula\u00e7\u00e3o do sul e sudeste do Par\u00e1 deseja, acima de tudo, criar o Estado do Caraj\u00e1s. Para que a comunidade possa ter uma nova vida, recuperando sua identidade e principalmente a sua auto-estima. <\/P><br \/>\n<P>Para que a comunidade possa ter uma nova vida, criando sua pr\u00f3pria, recuperando sua identidade e principalmente a sua auto-estima.<BR>________<BR>Pelos dados levantados pela assessoria do deputado, que inclusive mandou produzir um CD-Rom com essas informa\u00e7\u00f5es, ap\u00f3s a redivis\u00e3o, o Caraj\u00e1s ter\u00e1 uma \u00e1rea de 289.799 quil\u00f4metros quadrados, correspondendo a 23% do estado-m\u00e3e hoje; o Tapaj\u00f3s ter\u00e1 a extens\u00e3o territorial de 708.868 quil\u00f4metros quadrados, representando 57% do territ\u00f3rio paraense atualmente; e o Par\u00e1 fica com 249.032 quil\u00f4metros quadrados. Ou seja, com 20% de seu tamanho atual. <\/P><br \/>\n<P>Ao apresentar um quadro comparativo de todos os munic\u00edpios do sul e sudeste do Par\u00e1, o deputado informou que S\u00e3o F\u00e9lix do Xingu ser\u00e1 o maior munic\u00edpio do Caraj\u00e1s, com 84.248 quil\u00f4metros quadrados, mas destacou que Marab\u00e1, com uma extens\u00e3o de 15.092 quil\u00f4metros quadrados, 190.873 habitantes e mais de 120 mil eleitores, &#8220;indiscutivelmente \u00e9 a maior express\u00e3o pol\u00edtica e econ\u00f4mica e o maior p\u00f3lo de desenvolvimento do sul e sudeste do Par\u00e1&#8221;. Em outro mapa, o deputado mostrou o contingente eleitoral do estado-m\u00e3e, onde Caraj\u00e1s figura com 680.682 eleitores; Tapaj\u00f3s, 520.719; e o Par\u00e1 com 2.400.439 votantes. <\/P><br \/>\n<P>Ao se referir \u00e0 \u00e1rea territorial dos tr\u00eas Estados ap\u00f3s a redivis\u00e3o, Giovanni disse que tamanho n\u00e3o significa desenvolvimento, pois se assim fosse, o Par\u00e1 seria a maior unidade da federa\u00e7\u00e3o em empreendimentos e qualidade de vida do Pa\u00eds. &#8220;Somadas as duas popula\u00e7\u00f5es do Caraj\u00e1s e Tapaj\u00f3s, teremos cerca de 50% dos eleitores do estado-m\u00e3e e como o plebiscito ser\u00e1 feito em todo o Estado, n\u00f3s conclamamos todos para votar. N\u00f3s vamos competir com quem tem o dobro de votos, mas com uma diferen\u00e7a: estamos nesta luta para vencer. Porque isso significa a nossa maior independ\u00eancia. N\u00f3s estamos preparados e vamos ganhar essa batalha&#8221;, proclamou o parlamentar. <\/P><br \/>\n<P>No tocante ao n\u00famero de munic\u00edpios, o deputado pedetista mostrou que Caraj\u00e1s ficaria com 40, Tapaj\u00f3s com 22 e o Par\u00e1 com 82. Ao fazer uma compara\u00e7\u00e3o, para demonstrar que \u00e1rea territorial n\u00e3o significa desenvolvimento, Giovanni revelou que S\u00e3o Paulo, com uma \u00e1rea de 248 mil quil\u00f4metros quadrados, possui 645 munic\u00edpios e \u00e9 o Estado mais desenvolvido do Pa\u00eds; enquanto o Par\u00e1, redividido, teria 249.032 quil\u00f4metros quadrados; Caraj\u00e1s possuiria 289.799 quil\u00f4metros quadrados. Ele lembrou tamb\u00e9m que o Tocantins tem 278 mil quil\u00f4metros quadrados, ou seja 10 mil a menos que o novo Estado. <\/P><br \/>\n<P>O parlamentar lembrou que, quando foi desmembrado de Goi\u00e1s, o Tocantins representava 3% da receita do estado-m\u00e3e, mas hoje, depois de 12 anos, representa 30% da receita do Estado ao qual antes pertencia. <\/P><br \/>\n<P>Ao comparar Caraj\u00e1s com v\u00e1rios pa\u00edses, Giovanni destacou que, enquanto n\u00f3s temos riquezas em abund\u00e2ncia, o Jap\u00e3o, uma ilha de 367 mil quil\u00f4metros quadrados e 121 milh\u00f5es de habitantes, n\u00e3o tem riqueza alguma, mas \u00e9 a segunda maior economia do mundo.<\/P><br \/>\n<P>&#8220;Isso n\u00e3o \u00e9&nbsp; de gra\u00e7a. L\u00e1 existe a consci\u00eancia dos dirigentes, de que a melhor forma de se desenvolver \u00e9 investir no cidad\u00e3o. Investir em pesquisa, ci\u00eancia e inova\u00e7\u00e3o tecnol\u00f3gica, capazes de gerar conhecimento. E transferindo isso ao seu cidad\u00e3o, as autoridades permitem que ele produza muito mais&#8221;, destacou Giovanni, salientando que filho de japon\u00eas n\u00e3o nasce mais inteligente que filho de brasileiro, mas l\u00e1 eles nascem j\u00e1 com os pais os preparando para terem conhecimento e poderem prestar melhor servi\u00e7o para si e para seu pa\u00eds. <\/P><br \/>\n<P>Ao falar sobre a representatividade pol\u00edtica dos tr\u00eas Estados em Bras\u00edlia, com a redivis\u00e3o do Par\u00e1, Giovanni Queiroz disse que as tr\u00eas unidades da federa\u00e7\u00e3o, juntas, passam de 17 para 28 deputados federais e de tr\u00eas para nove senadores, saltando de 20 para 37 pol\u00edticos em n\u00edvel federal com poder de carrear mais recursos para a regi\u00e3o. &#8220;Este ano, n\u00f3s todos que estamos em Bras\u00edlia representando o Par\u00e1, conseguimos R$ 750 milh\u00f5es de investimento para o nosso Estado, no Or\u00e7amento da Uni\u00e3o. Imaginem nove senadores e 28 deputados&#8221;, exemplificou Queiroz.<\/P><br \/>\n<P>Em outro gr\u00e1fico, Giovanni mostrou que o Par\u00e1 tem 1.537 quil\u00f4metros de rodovias estaduais implantadas nesta regi\u00e3o; e 1.073 quil\u00f4metros de rodovias federais. Ele lembrou que, enquanto isso, o Estado do Tocantins, em 12 anos, implantou 4 mil quil\u00f4metros &#8220;de estradas asfaltadas e de boa qualidade, n\u00e3o essas porcarias que existem por a\u00ed&#8221;. <\/P><br \/>\n<P>O deputado mostrou tamb\u00e9m um mapa das atividades econ\u00f4micas que mais contribuem para a renda dos Estados onde aparecem o com\u00e9rcio atacadista (15,95%), o com\u00e9rcio varejista (25,22%) e presta\u00e7\u00e3o de servi\u00e7os (34,48%) como as atividades que mais geram impostos. A seguir v\u00eam produ\u00e7\u00e3o prim\u00e1ria (2,25%), ind\u00fastria extrativa (2,91%), ind\u00fastria da transforma\u00e7\u00e3o (14,66%), ind\u00fastria de beneficiamento (4,32%), ind\u00fastria de montagem (0,04%) e condicionamento e recondicionamento (0,16%).<\/P><br \/>\n<P>Ap\u00f3s ter mostrado esses dados, Giovanni revelou que o total arrecadado de Imposto sobre Circula\u00e7\u00e3o de Mercadorias e Servi\u00e7os (ICMS) no Estado, em 2000, foi de R$ 1.182.914.177,00, valor que corresponde a R$ 940.277.339,00 arrecadados no estado-m\u00e3e; R$ 159.832.846, recolhidos na \u00e1rea do futuro Estado de Caraj\u00e1s; e R$ 82.803.992,00 correspondentes \u00e0 arrecada\u00e7\u00e3o do Tapaj\u00f3s. &#8220;Ent\u00e3o, cerca de 80% do ICMS \u00e9 gerado no Par\u00e1 e n\u00e3o h\u00e1 raz\u00e3o para dizer que n\u00f3s vamos tirar a riqueza do Estado&#8221;, disse Queiroz. <\/P><br \/>\n<P>A mesma observa\u00e7\u00e3o ele fez em rela\u00e7\u00e3o ao Fundo de Desenvolvimento do Estado (FDE) que em 2000 totalizou R$ 744. 592.870,00; cabendo \u00e0 \u00e1rea correspondente ao Caraj\u00e1s R$ 137.629.573,40; Tapaj\u00f3s, R$ 115.365.280,00, e ao Par\u00e1 R$ 491.598.016,60. <\/P><br \/>\n<P>Giovanni Queiroz disse que j\u00e1 percorreu v\u00e1rios munic\u00edpios na mobiliza\u00e7\u00e3o pelo Estado de Caraj\u00e1s. &#8220;O empresariado, que est\u00e1 consciente da import\u00e2ncia da cria\u00e7\u00e3o desse Estado, sabe que a principal alavanca para o desenvolvimento desta regi\u00e3o n\u00e3o passa por nenhum projeto de governo estadual ou federal, passa pela nossa independ\u00eancia como Estado&#8221;, ressaltou ele.&nbsp; <\/P><\/p>\n<!-- AddThis Advanced Settings generic via filter on the_content --><!-- AddThis Share Buttons generic via filter on the_content -->","protected":false},"excerpt":{"rendered":"<p>A vota\u00e7\u00e3o do plebiscito para a cria\u00e7\u00e3o do Estado de Caraj\u00e1s, deve tramitar com pedido de urg\u00eancia urgent\u00edssima. A mat\u00e9ria tem a aprova\u00e7\u00e3o da maioria dos 513 deputados federais, mesmo antes de ir a plen\u00e1rio. O deputado federal Giovanni Queiroz (PDT-PA), intensificou visitas aos gabinetes dos deputados pessoalmente, desde a retomada dos trabalhos parlamentares ap\u00f3s&#8230;<!-- AddThis Advanced Settings generic via filter on wp_trim_excerpt --><!-- AddThis Share Buttons generic via filter on wp_trim_excerpt --><\/p>\n","protected":false},"author":17,"featured_media":0,"comment_status":"closed","ping_status":"open","sticky":false,"template":"","format":"standard","meta":{"_monsterinsights_skip_tracking":false,"_monsterinsights_sitenote_active":false,"_monsterinsights_sitenote_note":"","_monsterinsights_sitenote_category":0,"_uf_show_specific_survey":0,"_uf_disable_surveys":false,"footnotes":""},"categories":[976],"tags":[],"class_list":["post-20104","post","type-post","status-publish","format-standard","hentry","category-noticias-em-destaque"],"acf":[],"_links":{"self":[{"href":"https:\/\/pdt-rj.org.br\/index.php\/wp-json\/wp\/v2\/posts\/20104","targetHints":{"allow":["GET"]}}],"collection":[{"href":"https:\/\/pdt-rj.org.br\/index.php\/wp-json\/wp\/v2\/posts"}],"about":[{"href":"https:\/\/pdt-rj.org.br\/index.php\/wp-json\/wp\/v2\/types\/post"}],"author":[{"embeddable":true,"href":"https:\/\/pdt-rj.org.br\/index.php\/wp-json\/wp\/v2\/users\/17"}],"replies":[{"embeddable":true,"href":"https:\/\/pdt-rj.org.br\/index.php\/wp-json\/wp\/v2\/comments?post=20104"}],"version-history":[{"count":1,"href":"https:\/\/pdt-rj.org.br\/index.php\/wp-json\/wp\/v2\/posts\/20104\/revisions"}],"predecessor-version":[{"id":56494,"href":"https:\/\/pdt-rj.org.br\/index.php\/wp-json\/wp\/v2\/posts\/20104\/revisions\/56494"}],"wp:attachment":[{"href":"https:\/\/pdt-rj.org.br\/index.php\/wp-json\/wp\/v2\/media?parent=20104"}],"wp:term":[{"taxonomy":"category","embeddable":true,"href":"https:\/\/pdt-rj.org.br\/index.php\/wp-json\/wp\/v2\/categories?post=20104"},{"taxonomy":"post_tag","embeddable":true,"href":"https:\/\/pdt-rj.org.br\/index.php\/wp-json\/wp\/v2\/tags?post=20104"}],"curies":[{"name":"wp","href":"https:\/\/api.w.org\/{rel}","templated":true}]}}