{"id":20097,"date":"2010-03-15T00:00:00","date_gmt":"2010-03-15T00:00:00","guid":{"rendered":"http:\/\/www.malungo2.com.br\/pdt\/index.php\/tv-ulb-confira-entrevista-com-lupi-sobre-record-de-empregos"},"modified":"2017-10-26T09:08:20","modified_gmt":"2017-10-26T11:08:20","slug":"tv-ulb-confira-entrevista-com-lupi-sobre-record-de-empregos","status":"publish","type":"post","link":"https:\/\/pdt-rj.org.br\/index.php\/tv-ulb-confira-entrevista-com-lupi-sobre-record-de-empregos\/","title":{"rendered":"TV ULB, confira entrevista com Lupi sobre record de empregos"},"content":{"rendered":"<p>Nosso ministro do Trabalho, Carlos Lupi, mostra neste v\u00eddeo-entrevista da Universidade Leonel brizola, ULB, como o Brasil bateu o record de cria\u00e7\u00e3o de empregos no m\u00eas de fevereiro. Nada menos de 209 mil vagas criadas com carteira assinada. O telejornalismo da ULB ainda exibe v\u00eddeos com o deputado Paulo Rubem Santiago (PDT-PE), que viaja aos Estados Unidos, para entregar \u00e0 OEA, Organiza\u00e7\u00e3o dos Estados Americanos, o relat\u00f3rio da CPI dos Pres\u00eddios, que apresenta um quadro de grande deteriora\u00e7\u00e3o do sistema carcer\u00e1rio brasileiro. No terceiro bloco, ainda abordamos o III Encontro de Vereadores, em 22\/03, em Bras\u00edlia. E n\u00e3o esque\u00e7a. Hoje, segunda-feira, \u00e9 dia de aula ao vivo da ULB. N\u00e3o essque\u00e7a de comparecer \u00e0 sua tele-aula.<BR><BR><A href=\"http:\/\/www.youtube.com\/watch?v=BnZgcR2ifiQ\">1) &#8211; Entrevista do ministro Carlos Lupi<\/A><BR><BR><A href=\"http:\/\/www.youtube.com\/watch?v=FN95jb9RRKI&amp;feature=related\">2) &#8211; Fala o deptuado Paulo Rubem Santiago (PDT-PE)<\/A><BR><BR><A href=\"http:\/\/www.youtube.com\/watch?v=wFoaOBItLCA&amp;feature=related\">3) III Encontro de Vereadores do PDT, em Bras\u00edlia (22\/03\/10)<\/A><BR><BR>______<BR>V\u00eddeos anteriores:<BR>Assista ao primeiro propgrama de 2010 da TV ULB.&nbsp;<BR><BR><A href=\"http:\/\/www.youtube.com\/watch?v=I8DGOGIB6pg\">Clique aqui e assista ao pronunciamento do secret\u00e1rio geral do PDT e presidente da Funda\u00e7\u00e3o Leonel Brizola\/ Alberto Pasqualini, Manoel Dias<\/A><BR><BR><A href=\"http:\/\/www.youtube.com\/watch?v=8oY6AWsNX5g\">Telejornal do PDT &#8211; bloco 1<\/A><BR><BR><BR><A href=\"http:\/\/www.youtube.com\/watch?v=LAeBZ4xxlfw\">Telejornal do PDT &#8211; bloco 2<\/A><BR><BR><BR><A href=\"http:\/\/www.youtube.com\/watch?v=juJyOomVqOU\">Telejornal do PDT &#8211; bloco 3<BR><BR><BR><\/A><BR>Projeto inovador da Funda\u00e7\u00e3o Leonel Brizola &#8211; Alberto Pasqualini, a ULB (Universidade aberta Leonel Brizola), planejou para este primeiro semestre toda uma programa\u00e7\u00e3o direcionada para instrumentalizar os militantes do PDT diante do embate eleitoral. O discurso pedetista, sempre prioridade na TV ULB, ser\u00e1 sistematizado nos meses de mar\u00e7o e abril, seguido das a\u00e7\u00f5es que dever\u00e3o ser empreendidas por cada diret\u00f3rio, militante e candidato, agora em 2010. <BR>ULB: a TV do PDT &#8211; H\u00e1 mais de tr\u00eas anos no ar, a TV do PDT leva \u00e0 milit\u00e2ncia brizolista, atrav\u00e9s das telessalas e da internet, aulas de forma\u00e7\u00e3o pol\u00edtico-partid\u00e1ria e muita informa\u00e7\u00e3o sobre a atua\u00e7\u00e3o do Partido.&nbsp;<BR><BR>Instrumento de fortalecimento partid\u00e1rio, que ainda d\u00e1 seus primeiros passos para difundir o pensamento Trabalhista e alcan\u00e7ar definitivamente o militante pedetista, a ULB, num processo cont\u00ednuo de reformula\u00e7\u00e3o, corrige rumos e se constr\u00f3i gradativamente para ajudar na unidade do discurso trabalhista. Atrav\u00e9s das telessalas e dos programas veiculados pelos sites do PDT, aulas, debates, jornalismo e entretenimento, a ULB tem colaborado tamb\u00e9m para conquistar a aten\u00e7\u00e3o do simpatizante, fortalecer os movimentos populares do Partido, incentivar a implanta\u00e7\u00e3o dos n\u00facleos de base e unir ainda mais os pedetistas, encurtando dist\u00e2ncias e favorecendo a comunica\u00e7\u00e3o direta, sem ru\u00eddos e de m\u00e3o dupla, entre a dire\u00e7\u00e3o nacional e inst\u00e2ncias partid\u00e1rias estaduais e municipais.&nbsp;<BR><BR><A href=\"http:\/\/pdt12.locaweb.com.br\/primeirapagina.asp?id=1102\">Veja outros v\u00eddeos da ULB e PDT<BR><\/A>&nbsp;&nbsp;&nbsp;&nbsp;<BR><A href=\"http:\/\/www.pdtms.org.br\/index.php?idp=8&amp;id=100\" target=_blank><STRONG>Juventude do PDT \u00e9 convocada por seu presidente<\/STRONG><\/A><BR><\/p>\n<!-- AddThis Advanced Settings generic via filter on the_content --><!-- AddThis Share Buttons generic via filter on the_content -->","protected":false},"excerpt":{"rendered":"<p>Nosso ministro do Trabalho, Carlos Lupi, mostra neste v\u00eddeo-entrevista da Universidade Leonel brizola, ULB, como o Brasil bateu o record de cria\u00e7\u00e3o de empregos no m\u00eas de fevereiro. Nada menos de 209 mil vagas criadas com carteira assinada. O telejornalismo da ULB ainda exibe v\u00eddeos com o deputado Paulo Rubem Santiago (PDT-PE), que viaja aos&#8230;<!-- AddThis Advanced Settings generic via filter on wp_trim_excerpt --><!-- AddThis Share Buttons generic via filter on wp_trim_excerpt --><\/p>\n","protected":false},"author":17,"featured_media":0,"comment_status":"closed","ping_status":"open","sticky":false,"template":"","format":"standard","meta":{"_monsterinsights_skip_tracking":false,"_monsterinsights_sitenote_active":false,"_monsterinsights_sitenote_note":"","_monsterinsights_sitenote_category":0,"_uf_show_specific_survey":0,"_uf_disable_surveys":false,"footnotes":""},"categories":[976],"tags":[],"class_list":["post-20097","post","type-post","status-publish","format-standard","hentry","category-noticias-em-destaque"],"acf":[],"_links":{"self":[{"href":"https:\/\/pdt-rj.org.br\/index.php\/wp-json\/wp\/v2\/posts\/20097","targetHints":{"allow":["GET"]}}],"collection":[{"href":"https:\/\/pdt-rj.org.br\/index.php\/wp-json\/wp\/v2\/posts"}],"about":[{"href":"https:\/\/pdt-rj.org.br\/index.php\/wp-json\/wp\/v2\/types\/post"}],"author":[{"embeddable":true,"href":"https:\/\/pdt-rj.org.br\/index.php\/wp-json\/wp\/v2\/users\/17"}],"replies":[{"embeddable":true,"href":"https:\/\/pdt-rj.org.br\/index.php\/wp-json\/wp\/v2\/comments?post=20097"}],"version-history":[{"count":1,"href":"https:\/\/pdt-rj.org.br\/index.php\/wp-json\/wp\/v2\/posts\/20097\/revisions"}],"predecessor-version":[{"id":56499,"href":"https:\/\/pdt-rj.org.br\/index.php\/wp-json\/wp\/v2\/posts\/20097\/revisions\/56499"}],"wp:attachment":[{"href":"https:\/\/pdt-rj.org.br\/index.php\/wp-json\/wp\/v2\/media?parent=20097"}],"wp:term":[{"taxonomy":"category","embeddable":true,"href":"https:\/\/pdt-rj.org.br\/index.php\/wp-json\/wp\/v2\/categories?post=20097"},{"taxonomy":"post_tag","embeddable":true,"href":"https:\/\/pdt-rj.org.br\/index.php\/wp-json\/wp\/v2\/tags?post=20097"}],"curies":[{"name":"wp","href":"https:\/\/api.w.org\/{rel}","templated":true}]}}