{"id":20091,"date":"2010-03-12T00:00:00","date_gmt":"2010-03-12T00:00:00","guid":{"rendered":"http:\/\/www.malungo2.com.br\/pdt\/index.php\/o-petroleo-e-as-questoes-sociais"},"modified":"2017-10-26T09:08:20","modified_gmt":"2017-10-26T11:08:20","slug":"o-petroleo-e-as-questoes-sociais","status":"publish","type":"post","link":"https:\/\/pdt-rj.org.br\/index.php\/o-petroleo-e-as-questoes-sociais\/","title":{"rendered":"O petr\u00f3leo e as quest\u00f5es sociais"},"content":{"rendered":"<p>&nbsp;&nbsp;&nbsp;&nbsp;<br \/>\n<P class=MsoNoSpacing style=\"MARGIN: 0cm 0cm 0pt\"><EM><STRONG>Por Emanuel Cancella<?xml:namespace prefix = o ns = \"urn:schemas-microsoft-com:office:office\" \/><o:p><\/o:p><\/STRONG><\/EM><\/P><br \/>\n<P class=MsoNoSpacing style=\"MARGIN: 0cm 0cm 0pt\"><o:p>&nbsp;<\/o:p><\/P><br \/>\n<P class=MsoNoSpacing style=\"MARGIN: 0cm 0cm 0pt\">O Estado do Rio de Janeiro e o munic\u00edpio do Rio adotam a pol\u00edtica de seguran\u00e7a dos EUA e Israel. Como parte dessa pol\u00edtica, os rev\u00f3lveres el\u00e9tricos para imobilizar manifestantes, o carro blindado conhecido como `caveir\u00e3o` para enfrentamento com os bandidos nas comunidades, ambos usados pelo ex\u00e9rcito de Israel; e a ocupa\u00e7\u00e3o pela PM nas comunidades (UPP), como \u00e9 feito no Iraque. <o:p><\/o:p><\/P><br \/>\n<P class=MsoNoSpacing style=\"MARGIN: 0cm 0cm 0pt\"><o:p>&nbsp;<\/o:p><\/P><br \/>\n<P class=MsoNoSpacing style=\"MARGIN: 0cm 0cm 0pt\">O problema \u00e9 que copiamos exemplos cujos resultados, onde essas pol\u00edticas foram implantadas, s\u00e3o p\u00edfios: ou algu\u00e9m acha que os problemas entre judeus e palestinos na Faixa de Gaza est\u00e3o resolvidos e que a ocupa\u00e7\u00e3o do Iraque pelos EUA e seus aliados est\u00e1 dando bons resultados? <o:p><\/o:p><\/P><br \/>\n<P class=MsoNoSpacing style=\"MARGIN: 0cm 0cm 0pt\"><o:p>&nbsp;<\/o:p><\/P><br \/>\n<P class=MsoNoSpacing style=\"MARGIN: 0cm 0cm 0pt\">E o mais grave \u00e9 que nossos governantes s\u00f3 est\u00e3o combatendo os efeitos da viol\u00eancia, esquecendo-se de combater a causa. As medidas tomadas s\u00e3o colocar pedras embaixo do viaduto para barrar a perman\u00eancia de mendigos e o povo de rua, impedir o camel\u00f4 de trabalhar, a Guarda Municipal tomando a mercadoria e dando choque el\u00e9trico, ocupar favelas com a PM. <o:p><\/o:p><\/P><br \/>\n<P class=MsoNoSpacing style=\"MARGIN: 0cm 0cm 0pt\"><o:p>&nbsp;<\/o:p><\/P><br \/>\n<P class=MsoNoSpacing style=\"MARGIN: 0cm 0cm 0pt\">Precisamos, juntamente com medidas para combater a viol\u00eancia j\u00e1 instalada, resolver os graves problemas sociais de nosso Estado e servir como exemplo no pa\u00eds. A id\u00e9ia que nossos governantes passam \u00e9 que ser mendigo e viver nas ruas \u00e9 uma op\u00e7\u00e3o de vida. Ser camel\u00f4 \u00e9 uma escolha profissional e n\u00e3o um meio de sobreviv\u00eancia. E que ocupar as comunidades com a PM vai expulsar os bandidos do lugar e a popula\u00e7\u00e3o ser\u00e1 feliz, para sempre. <o:p><\/o:p><\/P><br \/>\n<P class=MsoNoSpacing style=\"MARGIN: 0cm 0cm 0pt\"><o:p>&nbsp;<\/o:p><\/P><br \/>\n<P class=MsoNoSpacing style=\"MARGIN: 0cm 0cm 0pt\">\u00c9 preciso atender ao mendigo e ao povo de rua para ressocializ\u00e1-lo; trabalhar para o pleno emprego e, enquanto isso n\u00e3o acontece, dar condi\u00e7\u00e3o de trabalho ao camel\u00f4, possibilitando o sustento de sua fam\u00edlia &#8211; e n\u00e3o trat\u00e1-lo como bandido.<SPAN style=\"mso-spacerun: yes\">&nbsp; <\/SPAN>Para acabar com o processo de faveliza\u00e7\u00e3o \u00e9 preciso construir moradia digna para toda gente. <o:p><\/o:p><\/P><br \/>\n<P class=MsoNoSpacing style=\"MARGIN: 0cm 0cm 0pt\"><o:p>&nbsp;<\/o:p><\/P><br \/>\n<P class=MsoNoSpacing style=\"MARGIN: 0cm 0cm 0pt\">Dinheiro para essas demandas, temos de sobra com a descoberta do pr\u00e9-sal, ou seja, n\u00e3o precisamos contrair nenhuma d\u00edvida para resolver nossos problemas sociais.<SPAN style=\"mso-spacerun: yes\">&nbsp; <\/SPAN>Mas nossos governantes n\u00e3o querem discutir o que pode ser feito para o povo brasileiro com o dinheiro do pr\u00e9-sal! Preferem, principalmente os do Rio, S\u00e3o Paulo e Esp\u00edrito Santo, fazer a guerra interna, discutindo para saber quem leva mais das receitas dos royalties. <o:p><\/o:p><\/P><br \/>\n<P class=MsoNoSpacing style=\"MARGIN: 0cm 0cm 0pt\"><o:p>&nbsp;<\/o:p><\/P><br \/>\n<P class=MsoNoSpacing style=\"MARGIN: 0cm 0cm 0pt\">Os royalties s\u00e3o uma receita principalmente da produ\u00e7\u00e3o de petr\u00f3leo paga \u00e0 Uni\u00e3o, estados e munic\u00edpios. O percentual chegava a 10%.<SPAN style=\"mso-spacerun: yes\">&nbsp; <\/SPAN>Agora<SPAN style=\"mso-spacerun: yes\">&nbsp; <\/SPAN>o relator da nova lei na Comiss\u00e3o no Congresso Nacional quer aumenta para 15% e quer estender esse pagamento a estados e munic\u00edpios n\u00e3o produtores. L\u00f3gico que os fluminenses querem tirar o maior proveito disso, assim como os paulistas e os capixabas e demais estados. <o:p><\/o:p><\/P><br \/>\n<P class=MsoNoSpacing style=\"MARGIN: 0cm 0cm 0pt\"><o:p>&nbsp;<\/o:p><\/P><br \/>\n<P class=MsoNoSpacing style=\"MARGIN: 0cm 0cm 0pt\">Mas isso \u00e9 tapar o sol com a peneira. O que esses governantes deveriam fazer \u00e9 pressionar o governo federal para que todo o petr\u00f3leo e g\u00e1s do pr\u00e9-sal fiquem com o Brasil, como prev\u00ea o projeto dos movimentos sociais, PL- 5891\/09 e n\u00e3o somente os 30% como determina o novo marco regulat\u00f3rio proposto por Lula, porque enquanto os governadores brigam por mesquinharias regionais, as multinacionais poder\u00e3o levar at\u00e9 70% do nosso ouro negro e perderemos essa oportunidade \u00fanica de pagarmos a imensa divida social com nosso povo e de resolver todos os graves problemas sociais brasileiros, independente da nossa naturalidade.<o:p><\/o:p><\/P><br \/>\n<P class=MsoNoSpacing style=\"MARGIN: 0cm 0cm 0pt\"><o:p>&nbsp;<\/o:p><\/P><br \/>\n<P class=MsoNoSpacing style=\"MARGIN: 0cm 0cm 0pt\"><STRONG>Emanuel Cancella \u00e9 Secret\u00e1rio-Geral do Sindipetro-RJ<FONT face=Calibri><FONT color=#000000><FONT size=3><I style=\"mso-bidi-font-style: normal\"><o:p><\/o:p><\/FONT><\/STRONG><\/FONT><\/FONT><\/I><\/P><br \/>\n<P class=MsoNoSpacing style=\"MARGIN: 0cm 0cm 0pt\"><o:p><FONT face=Calibri color=#000000 size=3>&nbsp;<\/FONT><\/o:p><\/P><\/p>\n<!-- AddThis Advanced Settings generic via filter on the_content --><!-- AddThis Share Buttons generic via filter on the_content -->","protected":false},"excerpt":{"rendered":"<p>&nbsp;&nbsp;&nbsp;&nbsp; Por Emanuel Cancella &nbsp; O Estado do Rio de Janeiro e o munic\u00edpio do Rio adotam a pol\u00edtica de seguran\u00e7a dos EUA e Israel. Como parte dessa pol\u00edtica, os rev\u00f3lveres el\u00e9tricos para imobilizar manifestantes, o carro blindado conhecido como `caveir\u00e3o` para enfrentamento com os bandidos nas comunidades, ambos usados pelo ex\u00e9rcito de Israel; e&#8230;<!-- AddThis Advanced Settings generic via filter on wp_trim_excerpt --><!-- AddThis Share Buttons generic via filter on wp_trim_excerpt --><\/p>\n","protected":false},"author":17,"featured_media":0,"comment_status":"closed","ping_status":"open","sticky":false,"template":"","format":"standard","meta":{"_monsterinsights_skip_tracking":false,"_monsterinsights_sitenote_active":false,"_monsterinsights_sitenote_note":"","_monsterinsights_sitenote_category":0,"_uf_show_specific_survey":0,"_uf_disable_surveys":false,"footnotes":""},"categories":[976],"tags":[],"class_list":["post-20091","post","type-post","status-publish","format-standard","hentry","category-noticias-em-destaque"],"acf":[],"_links":{"self":[{"href":"https:\/\/pdt-rj.org.br\/index.php\/wp-json\/wp\/v2\/posts\/20091","targetHints":{"allow":["GET"]}}],"collection":[{"href":"https:\/\/pdt-rj.org.br\/index.php\/wp-json\/wp\/v2\/posts"}],"about":[{"href":"https:\/\/pdt-rj.org.br\/index.php\/wp-json\/wp\/v2\/types\/post"}],"author":[{"embeddable":true,"href":"https:\/\/pdt-rj.org.br\/index.php\/wp-json\/wp\/v2\/users\/17"}],"replies":[{"embeddable":true,"href":"https:\/\/pdt-rj.org.br\/index.php\/wp-json\/wp\/v2\/comments?post=20091"}],"version-history":[{"count":1,"href":"https:\/\/pdt-rj.org.br\/index.php\/wp-json\/wp\/v2\/posts\/20091\/revisions"}],"predecessor-version":[{"id":56501,"href":"https:\/\/pdt-rj.org.br\/index.php\/wp-json\/wp\/v2\/posts\/20091\/revisions\/56501"}],"wp:attachment":[{"href":"https:\/\/pdt-rj.org.br\/index.php\/wp-json\/wp\/v2\/media?parent=20091"}],"wp:term":[{"taxonomy":"category","embeddable":true,"href":"https:\/\/pdt-rj.org.br\/index.php\/wp-json\/wp\/v2\/categories?post=20091"},{"taxonomy":"post_tag","embeddable":true,"href":"https:\/\/pdt-rj.org.br\/index.php\/wp-json\/wp\/v2\/tags?post=20091"}],"curies":[{"name":"wp","href":"https:\/\/api.w.org\/{rel}","templated":true}]}}