{"id":20051,"date":"2010-01-16T00:00:00","date_gmt":"2010-01-16T00:00:00","guid":{"rendered":"http:\/\/www.malungo2.com.br\/pdt\/index.php\/executiva-nacional-se-reune-nesta-terca-as-18h-em-brasilia"},"modified":"2017-10-26T09:08:24","modified_gmt":"2017-10-26T11:08:24","slug":"executiva-nacional-se-reune-nesta-terca-as-18h-em-brasilia","status":"publish","type":"post","link":"https:\/\/pdt-rj.org.br\/index.php\/executiva-nacional-se-reune-nesta-terca-as-18h-em-brasilia\/","title":{"rendered":"Executiva Nacional se re\u00fane nesta ter\u00e7a, \u00e0s 18h, em Bras\u00edlia"},"content":{"rendered":"<p><DIV>A Executiva Nacional ampliada do PDT se re\u00fane em Bras\u00edlia nesta ter\u00e7a-feira (19\/1), na sede do partido, a partir das 18 horas, para discutir as elei\u00e7\u00f5es presidenciais de 2010 e o momento pol\u00edtico brasileiro. Al\u00e9m da dire\u00e7\u00e3o nacional do partido dever\u00e3o participar do encontro os l\u00edderes dos movimentos e secretarias nacionais do partido e, tamb\u00e9m, os integrantes das bancadas federais do PDT na C\u00e2mara e no Senado. O Ministro Carlos Lupi, do Trabalho e Emprego, e o deputado Vieira da Cunha, presidente nacional em exerc\u00edcio do PDT, estar\u00e3o presentes.<\/DIV><\/p>\n<!-- AddThis Advanced Settings generic via filter on the_content --><!-- AddThis Share Buttons generic via filter on the_content -->","protected":false},"excerpt":{"rendered":"<p>A Executiva Nacional ampliada do PDT se re\u00fane em Bras\u00edlia nesta ter\u00e7a-feira (19\/1), na sede do partido, a partir das 18 horas, para discutir as elei\u00e7\u00f5es presidenciais de 2010 e o momento pol\u00edtico brasileiro. Al\u00e9m da dire\u00e7\u00e3o nacional do partido dever\u00e3o participar do encontro os l\u00edderes dos movimentos e secretarias nacionais do partido e, tamb\u00e9m,&#8230;<!-- AddThis Advanced Settings generic via filter on wp_trim_excerpt --><!-- AddThis Share Buttons generic via filter on wp_trim_excerpt --><\/p>\n","protected":false},"author":17,"featured_media":0,"comment_status":"closed","ping_status":"open","sticky":false,"template":"","format":"standard","meta":{"_monsterinsights_skip_tracking":false,"_monsterinsights_sitenote_active":false,"_monsterinsights_sitenote_note":"","_monsterinsights_sitenote_category":0,"_uf_show_specific_survey":0,"_uf_disable_surveys":false,"footnotes":""},"categories":[976],"tags":[],"class_list":["post-20051","post","type-post","status-publish","format-standard","hentry","category-noticias-em-destaque"],"acf":[],"_links":{"self":[{"href":"https:\/\/pdt-rj.org.br\/index.php\/wp-json\/wp\/v2\/posts\/20051","targetHints":{"allow":["GET"]}}],"collection":[{"href":"https:\/\/pdt-rj.org.br\/index.php\/wp-json\/wp\/v2\/posts"}],"about":[{"href":"https:\/\/pdt-rj.org.br\/index.php\/wp-json\/wp\/v2\/types\/post"}],"author":[{"embeddable":true,"href":"https:\/\/pdt-rj.org.br\/index.php\/wp-json\/wp\/v2\/users\/17"}],"replies":[{"embeddable":true,"href":"https:\/\/pdt-rj.org.br\/index.php\/wp-json\/wp\/v2\/comments?post=20051"}],"version-history":[{"count":1,"href":"https:\/\/pdt-rj.org.br\/index.php\/wp-json\/wp\/v2\/posts\/20051\/revisions"}],"predecessor-version":[{"id":56541,"href":"https:\/\/pdt-rj.org.br\/index.php\/wp-json\/wp\/v2\/posts\/20051\/revisions\/56541"}],"wp:attachment":[{"href":"https:\/\/pdt-rj.org.br\/index.php\/wp-json\/wp\/v2\/media?parent=20051"}],"wp:term":[{"taxonomy":"category","embeddable":true,"href":"https:\/\/pdt-rj.org.br\/index.php\/wp-json\/wp\/v2\/categories?post=20051"},{"taxonomy":"post_tag","embeddable":true,"href":"https:\/\/pdt-rj.org.br\/index.php\/wp-json\/wp\/v2\/tags?post=20051"}],"curies":[{"name":"wp","href":"https:\/\/api.w.org\/{rel}","templated":true}]}}