{"id":20050,"date":"2010-01-16T00:00:00","date_gmt":"2010-01-16T00:00:00","guid":{"rendered":"http:\/\/www.malungo2.com.br\/pdt\/index.php\/movimento-negro-faz-encontro-nacional-em-brasilia"},"modified":"2017-01-19T17:49:22","modified_gmt":"2017-01-19T19:49:22","slug":"movimento-negro-faz-encontro-nacional-em-brasilia","status":"publish","type":"post","link":"https:\/\/pdt-rj.org.br\/index.php\/movimento-negro-faz-encontro-nacional-em-brasilia\/","title":{"rendered":"Movimento Negro realiza Encontro Nacional em Bras\u00edlia"},"content":{"rendered":"<p>O PDT, partido pol\u00edtico pioneiro na cria\u00e7\u00e3o de espa\u00e7o para a defesa dos direitos dos negros, realiza neste final de semana, de sexta (15\/01) a domingo (17\/1), em Bras\u00edlia, a I Confer\u00eancia Aboli\u00e7\u00e3o de Fato, sob a coordena\u00e7\u00e3o da m\u00e9dica e militante Edialeda Salgado do Nascimento, presidente da Secretaria Nacional do Movimento Negro do PDT.<\/p>\n<p>O evento, segundo Edialeda, tem por objetivo \u0093potencializar as habilidades e compet\u00eancias dos militantes, motivando-os a uma participa\u00e7\u00e3o ativa e eficiente nas a\u00e7\u00f5es desenvolvidas pela Secretaria do Movimento Negro do nosso partido, inclusive com vistas ao nosso desempenho nas elei\u00e7\u00f5es de 2010\u0094.<\/p>\n<p>Edialeda, que foi guindada por Leonel Brizola \u00e0 condi\u00e7\u00e3o de \u00edcone das a\u00e7\u00f5es pedetistas na defesa do Movimento Negro ao ser nomeada para a Secretaria de Promo\u00e7\u00f5es Sociais do Governo fluminense j\u00e1 na primeira gest\u00e3o de Brizola, faz um apelo para que todos compare\u00e7am ao evento, \u0093que ser\u00e1 um momento importante para nossa consolida\u00e7\u00e3o como for\u00e7a pol\u00edtica no conjunto nacional\u0094.<\/p>\n<p>A dirigente lembrou que o tema escolhido para confer\u00eancia \u0096 \u0093O Militante Negro e a Gest\u00e3o P\u00fablica Respons\u00e1vel\u0094, ser\u00e1 discutido a partir de propostas que abordam a tem\u00e1tica de capta\u00e7\u00e3o e gest\u00e3o de verbas, desenvolvimento de habilidades e compet\u00eancias pessoais e sua articula\u00e7\u00e3o com as pol\u00edticas p\u00fablicas, principalmente as relacionadas \u00e0 Assist\u00eancia\u00a0 Social\u00a0 e de Sa\u00fade;\u00a0 Educa\u00e7\u00e3o e Cultura; Esporte e Lazer; e Trabalho, Emprego e Renda.<\/p>\n<p>Ainda segundo Edialeda, os eixos tem\u00e1ticos da confer\u00eancia ser\u00e3o: I \u0096 O Militante Negro e os desafios para o Desenvolvimento e a Sustentabilidade Ambiental, Social, Cultural e Esportiva; II \u0096 Trabalho, Emprego e Renda: desafios dos processos de qualifica\u00e7\u00e3o profissional e gera\u00e7\u00e3o trabalho, emprego e renda no Brasil; e III \u0096 Democracia, Educa\u00e7\u00e3o, Profissionaliza\u00e7\u00e3o e Adequa\u00e7\u00e3o \u00e0s Novas Realidades: pol\u00edticas para a constru\u00e7\u00e3o de movimentos negros sustent\u00e1veis.<\/p>\n<p>Est\u00e3o previstas as palestras da pr\u00f3pria Edialeda, do Senador Cristovam Buarque; do Secret\u00e1rio de Pol\u00edticas P\u00fablicas de Emprego do Minist\u00e9rio do Trabalho, Ezequiel Souza do Nascimento; do Coordenador Geral de Estudos do Minist\u00e9rio,\u00a0 Anderson Brito Pereira; do Superintendente\u00a0 Regional do Trabalho de Minas Gerais, Carlos Henrique Ramos Mello Filho; o Secret\u00e1rio Municipal de Esportes e Cidadania de Cuiab\u00e1, Aur\u00e9lio Augusto; do professor Sandro dos Santos Correia \u0096 Mestre em Engenharia . Ambiental . Urbana da \u00a0UNEB; do engenheiro ambiental Ubiratan Nogueira; do especialista em Gest\u00e3o de Pessoas, Ronaldo Santos; \u00a0e do te\u00f3logo Iron Muller.<\/p>\n<p>O evento, aberto nesta sexta-feira, ser\u00e1 encerrado no domingo, obedecendo \u00e0 seguinte programa\u00e7\u00e3o:<\/p>\n<p><strong>1\u00ba Dia \u0096 15 de janeiro<\/strong><\/p>\n<p>Das 08h \u00e0s 12h \u0096 Credenciamento; Das 12h \u00e0s 13h \u0096 Almo\u00e7o; Das 13h \u00e0s 14h &#8211; Abertura \u0096 Dra. Edialeda Salgado Nascimento; Das 14h \u00e0s 14h40min &#8211; Palestra &#8211; Trabalho, Emprego e Renda &#8211; Dr. Ezequiel Nascimento; Das 14h40 \u00e0s 16h &#8211;\u00a0Mesa Redonda \u0096 Trabalho, Emprego e Renda &#8211; \u00a0Ezequiel Nascimento, Dra. Edialeda Salgado, Dr. Anderson Brito, Dr. Carlos Henrique e Aur\u00e9lio Augusto &#8211; Das 16h \u00e0s 16h40 &#8211; Mesa Redonda &#8211; Experi\u00eancias Educacionais de Sucesso &#8211; Dra. Creuzely Ferreira da Silva, Sra. Maria Alice Santos, Prof\u00aa. Maria Christina Ramos e Prof\u00aa. \u00a0Maria Cristina da Rosa; Das 16h40min \u00e0s 18h &#8211; Palestra &#8211; Educacionismo \u0096 Dr. Cristovam Buarque; Das 18h \u00e0s 19h &#8211; Apresenta\u00e7\u00e3o da Plen\u00e1ria; Das 19h \u00e0s 21h30min\u00a0Din\u00e2mica \u0096 Dr. Carlos Henrique; 21h30min \u0096 Jantar.<\/p>\n<p><strong>2\u00ba Dia \u0096 16 de janeiro<\/strong><\/p>\n<p>Das 08h \u00e0s 10h &#8211; Processo de Comunica\u00e7\u00e3o \u0096 Iron Muller; Das 10h \u00e0s 12h &#8211; Habilidades e Compet\u00eancias \u0096 Ronaldo Santos; Das 12h \u00e0s 13h30 \u0096 Almo\u00e7o; das 13h30 \u00e0s 15h30, Preconceito Estrutural \u0096 Jorn. Aur\u00e9lio Augusto Gon\u00e7alves; 15h30 \u00e0s 17h30;\u00a0Marketing Eleitoral \u0096 Dr. Anderson Brito; Das 17h30 \u00e0s 18h30 &#8211; Palestra \u0096 Meio Ambiente e Desenvolvimento Social \u0096 Dr. Sandro Santos Correia; Das 18h30 \u00e0s 19h30 &#8211; Palestra \u0096 Quilombos e Quilombolas (Caixa D\u0092\u00c1gua) \u0096 Dr. Ubiratan Nogueira; Das 19h30 \u00e0s 20h30 &#8211; Mesa de Discuss\u00e3o \u0096 Quilombos e Quilombolas &#8211; com. Ivaldo Paix\u00e3o, Dr. Antonio Br\u00e1s e Prof\u00aa. Ana Poty Medeiros; 21h30 \u0096 Jantar.<\/p>\n<p><strong>3\u00ba Dia \u0096 17 de janeiro<\/strong><\/p>\n<p>Das 08h \u00e0s 10h \u0096 Plen\u00e1ria; Das 10h \u00e0s 13h \u0096 Encerramento.<\/p>\n<!-- AddThis Advanced Settings generic via filter on the_content --><!-- AddThis Share Buttons generic via filter on the_content -->","protected":false},"excerpt":{"rendered":"<p>O PDT, partido pol\u00edtico pioneiro na cria\u00e7\u00e3o de espa\u00e7o para a defesa dos direitos dos negros, realiza neste final de semana, de sexta (15\/01) a domingo (17\/1), em Bras\u00edlia, a I Confer\u00eancia Aboli\u00e7\u00e3o de Fato, sob a coordena\u00e7\u00e3o da m\u00e9dica e militante Edialeda Salgado do Nascimento, presidente da Secretaria Nacional do Movimento Negro do PDT&#8230;.<!-- AddThis Advanced Settings generic via filter on wp_trim_excerpt --><!-- AddThis Share Buttons generic via filter on wp_trim_excerpt --><\/p>\n","protected":false},"author":17,"featured_media":0,"comment_status":"closed","ping_status":"open","sticky":false,"template":"","format":"standard","meta":{"_monsterinsights_skip_tracking":false,"_monsterinsights_sitenote_active":false,"_monsterinsights_sitenote_note":"","_monsterinsights_sitenote_category":0,"_uf_show_specific_survey":0,"_uf_disable_surveys":false,"footnotes":""},"categories":[1397,1587],"tags":[1924,1921,1922,1923,1920,1133,1919,38,1926,1925,1523,1644],"class_list":["post-20050","post","type-post","status-publish","format-standard","hentry","category-movimentos","category-negro","tag-competencias","tag-emprego","tag-experiencias-educacionais-de-sucesso","tag-habilidades","tag-i-conferencia-abolicao-de-fato","tag-ivaldo-paixao","tag-movimento-negro","tag-pdt","tag-preconceito-estrutural","tag-quilombolas","tag-quilombos","tag-renda"],"acf":[],"_links":{"self":[{"href":"https:\/\/pdt-rj.org.br\/index.php\/wp-json\/wp\/v2\/posts\/20050","targetHints":{"allow":["GET"]}}],"collection":[{"href":"https:\/\/pdt-rj.org.br\/index.php\/wp-json\/wp\/v2\/posts"}],"about":[{"href":"https:\/\/pdt-rj.org.br\/index.php\/wp-json\/wp\/v2\/types\/post"}],"author":[{"embeddable":true,"href":"https:\/\/pdt-rj.org.br\/index.php\/wp-json\/wp\/v2\/users\/17"}],"replies":[{"embeddable":true,"href":"https:\/\/pdt-rj.org.br\/index.php\/wp-json\/wp\/v2\/comments?post=20050"}],"version-history":[{"count":9,"href":"https:\/\/pdt-rj.org.br\/index.php\/wp-json\/wp\/v2\/posts\/20050\/revisions"}],"predecessor-version":[{"id":52420,"href":"https:\/\/pdt-rj.org.br\/index.php\/wp-json\/wp\/v2\/posts\/20050\/revisions\/52420"}],"wp:attachment":[{"href":"https:\/\/pdt-rj.org.br\/index.php\/wp-json\/wp\/v2\/media?parent=20050"}],"wp:term":[{"taxonomy":"category","embeddable":true,"href":"https:\/\/pdt-rj.org.br\/index.php\/wp-json\/wp\/v2\/categories?post=20050"},{"taxonomy":"post_tag","embeddable":true,"href":"https:\/\/pdt-rj.org.br\/index.php\/wp-json\/wp\/v2\/tags?post=20050"}],"curies":[{"name":"wp","href":"https:\/\/api.w.org\/{rel}","templated":true}]}}