{"id":20049,"date":"2010-01-12T00:00:00","date_gmt":"2010-01-12T00:00:00","guid":{"rendered":"http:\/\/www.malungo2.com.br\/pdt\/index.php\/lupi-nordeste-sera-2o-maior-gerador-de-empregos-em-2010"},"modified":"2017-10-26T09:08:24","modified_gmt":"2017-10-26T11:08:24","slug":"lupi-nordeste-sera-2o-maior-gerador-de-empregos-em-2010","status":"publish","type":"post","link":"https:\/\/pdt-rj.org.br\/index.php\/lupi-nordeste-sera-2o-maior-gerador-de-empregos-em-2010\/","title":{"rendered":"Lupi:  Nordeste ser\u00e1 2\u00ba maior gerador de empregos em 2010"},"content":{"rendered":"<p><STRONG>Nordeste ter\u00e1 forte gera\u00e7\u00e3o de emprego em 2010, diz Lupi<\/STRONG> <BR><BR>S\u00c3O PAULO &#8211; O ministro do Trabalho, Carlos Lupi, afirmou hoje (11\/1), durante visita ao Sindicato dos Metal\u00fargicos do ABC, na grande S\u00e3o Paulo, que a Regi\u00e3o Nordeste dever\u00e1 ser uma das maiores respons\u00e1veis pela cria\u00e7\u00e3o de praticamente 2 milh\u00f5es de empregos em 2010. &#8220;O Nordeste tem crescido acima da m\u00e9dia e acredito eles ser\u00e3o o segundo maior gerador de empregos este ano, perdendo apenas para S\u00e3o Paulo, que cria entre 30% e 35% dos empregos do pa\u00eds&#8221;. <BR><BR>Lupi afirmou que o setor de servi\u00e7os deve puxar este crescimento, pois o mercado interno brasileiro est\u00e1 aquecido. Para o ministro, o programa Minha Casa, Minha Vida, impulsionar\u00e1 o setor da constru\u00e7\u00e3o civil. <BR><BR>&#8220;Este programa est\u00e1 deslanchando. Acredito que a constru\u00e7\u00e3o civil ficar\u00e1 em segundo lugar, perdendo apenas para o setor de servi\u00e7os. Depois, penso que os metal\u00fargicos e com\u00e9rcio e agricultura ser\u00e3o mais beneficiados&#8221;, completou. <BR><BR>Para Lupi, que tamb\u00e9m estava acompanhado pelo senador Eduardo Suplicy (PT), 2010 &#8220;ser\u00e1 o melhor ano dos dois governos do presidente Lula&#8221;. &#8220;Sou muito otimista. Acho que 2010 ser\u00e1 excelente para todos.&#8221; Segundo o ministro, a redu\u00e7\u00e3o da jornada de trabalho deve ser aprovada ainda no primeiro semestre deste ano.&nbsp; &#8220;O Michel Temer (presidente da C\u00e2mara dos Deputados) j\u00e1 est\u00e1 formando uma comiss\u00e3o dos que s\u00e3o contra e (dos que s\u00e3o) a favor da redu\u00e7\u00e3o. Acredito em uma vota\u00e7\u00e3o ainda neste semestre&#8221;. <BR><BR><\/p>\n<!-- AddThis Advanced Settings generic via filter on the_content --><!-- AddThis Share Buttons generic via filter on the_content -->","protected":false},"excerpt":{"rendered":"<p>Nordeste ter\u00e1 forte gera\u00e7\u00e3o de emprego em 2010, diz Lupi S\u00c3O PAULO &#8211; O ministro do Trabalho, Carlos Lupi, afirmou hoje (11\/1), durante visita ao Sindicato dos Metal\u00fargicos do ABC, na grande S\u00e3o Paulo, que a Regi\u00e3o Nordeste dever\u00e1 ser uma das maiores respons\u00e1veis pela cria\u00e7\u00e3o de praticamente 2 milh\u00f5es de empregos em 2010. &#8220;O&#8230;<!-- AddThis Advanced Settings generic via filter on wp_trim_excerpt --><!-- AddThis Share Buttons generic via filter on wp_trim_excerpt --><\/p>\n","protected":false},"author":17,"featured_media":0,"comment_status":"closed","ping_status":"open","sticky":false,"template":"","format":"standard","meta":{"_monsterinsights_skip_tracking":false,"_monsterinsights_sitenote_active":false,"_monsterinsights_sitenote_note":"","_monsterinsights_sitenote_category":0,"_uf_show_specific_survey":0,"_uf_disable_surveys":false,"footnotes":""},"categories":[976],"tags":[],"class_list":["post-20049","post","type-post","status-publish","format-standard","hentry","category-noticias-em-destaque"],"acf":[],"_links":{"self":[{"href":"https:\/\/pdt-rj.org.br\/index.php\/wp-json\/wp\/v2\/posts\/20049","targetHints":{"allow":["GET"]}}],"collection":[{"href":"https:\/\/pdt-rj.org.br\/index.php\/wp-json\/wp\/v2\/posts"}],"about":[{"href":"https:\/\/pdt-rj.org.br\/index.php\/wp-json\/wp\/v2\/types\/post"}],"author":[{"embeddable":true,"href":"https:\/\/pdt-rj.org.br\/index.php\/wp-json\/wp\/v2\/users\/17"}],"replies":[{"embeddable":true,"href":"https:\/\/pdt-rj.org.br\/index.php\/wp-json\/wp\/v2\/comments?post=20049"}],"version-history":[{"count":1,"href":"https:\/\/pdt-rj.org.br\/index.php\/wp-json\/wp\/v2\/posts\/20049\/revisions"}],"predecessor-version":[{"id":56542,"href":"https:\/\/pdt-rj.org.br\/index.php\/wp-json\/wp\/v2\/posts\/20049\/revisions\/56542"}],"wp:attachment":[{"href":"https:\/\/pdt-rj.org.br\/index.php\/wp-json\/wp\/v2\/media?parent=20049"}],"wp:term":[{"taxonomy":"category","embeddable":true,"href":"https:\/\/pdt-rj.org.br\/index.php\/wp-json\/wp\/v2\/categories?post=20049"},{"taxonomy":"post_tag","embeddable":true,"href":"https:\/\/pdt-rj.org.br\/index.php\/wp-json\/wp\/v2\/tags?post=20049"}],"curies":[{"name":"wp","href":"https:\/\/api.w.org\/{rel}","templated":true}]}}