{"id":20026,"date":"2009-11-25T00:00:00","date_gmt":"2009-11-25T00:00:00","guid":{"rendered":"http:\/\/www.malungo2.com.br\/pdt\/index.php\/videos-banda-larga-quando-a-populacao-vai-ter-acesso"},"modified":"2017-10-26T09:08:26","modified_gmt":"2017-10-26T11:08:26","slug":"videos-banda-larga-quando-a-populacao-vai-ter-acesso","status":"publish","type":"post","link":"https:\/\/pdt-rj.org.br\/index.php\/videos-banda-larga-quando-a-populacao-vai-ter-acesso\/","title":{"rendered":"V\u00cdDEOs &#8211; Banda Larga, quando a popula\u00e7\u00e3o vai ter acesso"},"content":{"rendered":"<p>Nestes dois v\u00eddeos, autoridades do governo &#8211; Rog\u00e9rio Santanna, Secret\u00e1rio de Log\u00edstica e Tecnologia da Informa\u00e7\u00e3o do Minist\u00e9rio do Planejametno, e C\u00e9sar Alvarez, Coordenador dos Projetos de Inclus\u00e3o Digital do Pal\u00e1cio do Planalto &#8211; definem posi\u00e7\u00f5es quanto aos planos do governo, visando \u00e0 massifica\u00e7\u00e3o da banda larga<br \/>\n<OBJECT height=295 width=480><PARAM NAME=\"movie\" VALUE=\"http:\/\/www.youtube.com\/v\/K4S4aMMOdsc&amp;hl=pt_BR&amp;fs=1&amp;\"><PARAM NAME=\"allowFullScreen\" VALUE=\"true\"><PARAM NAME=\"allowscriptaccess\" VALUE=\"always\"><br \/>\n<embed src=\"http:\/\/www.youtube.com\/v\/K4S4aMMOdsc&#038;hl=pt_BR&#038;fs=1&#038;\" type=\"application\/x-shockwave-flash\" allowscriptaccess=\"always\" allowfullscreen=\"true\" width=\"480\" height=\"295\"><\/embed><\/OBJECT><BR><BR><BR><BR><BR><BR><BR><br \/>\n<OBJECT height=295 width=480><PARAM NAME=\"movie\" VALUE=\"http:\/\/www.youtube.com\/v\/iOlNNk0c-FM&amp;hl=pt_BR&amp;fs=1&amp;\"><PARAM NAME=\"allowFullScreen\" VALUE=\"true\"><PARAM NAME=\"allowscriptaccess\" VALUE=\"always\"><br \/>\n<embed src=\"http:\/\/www.youtube.com\/v\/iOlNNk0c-FM&#038;hl=pt_BR&#038;fs=1&#038;\" type=\"application\/x-shockwave-flash\" allowscriptaccess=\"always\" allowfullscreen=\"true\" width=\"480\" height=\"295\"><\/embed><\/OBJECT><BR><BR><BR><BR>Veja ainda:<BR><BR><A href=\"http:\/\/www.estadao.com.br\/noticias\/economia,lula-defende-estatal-na-banda-larga,471855,0.htm\">Presidente quer empresa para banda larga<\/A><BR><BR><A href=\"http:\/\/www.estadao.com.br\/noticias\/economia,desafio-da-banda-larga-e-baixar-precos-diz-ministerio,471422,0.htm\">Plano mais privatizante do Minist\u00e9rio das Comunica\u00e7\u00f5es<\/A><BR><BR><A href=\"http:\/\/www.saopaulo.sp.gov.br\/spnoticias\/lenoticia.php?id=205393\">As Teles ganharam a parada em S\u00e3o Paulo<\/A><BR><BR>V\u00cdDEOS<BR><A href=\"http:\/\/pdt12.locaweb.com.br\/primeirapagina.asp?id=1102\">Clique aqui para outros v\u00eddeos do PDT<BR>(Educa\u00e7\u00e3o, CIEPs, Darcy, Legalidade, Brizola M\u00eddia, Poder, Orat\u00f3ria, Reforma da Previd\u00eancia, Get\u00falio Vargas)<BR><\/A><\/p>\n<!-- AddThis Advanced Settings generic via filter on the_content --><!-- AddThis Share Buttons generic via filter on the_content -->","protected":false},"excerpt":{"rendered":"<p>Nestes dois v\u00eddeos, autoridades do governo &#8211; Rog\u00e9rio Santanna, Secret\u00e1rio de Log\u00edstica e Tecnologia da Informa\u00e7\u00e3o do Minist\u00e9rio do Planejametno, e C\u00e9sar Alvarez, Coordenador dos Projetos de Inclus\u00e3o Digital do Pal\u00e1cio do Planalto &#8211; definem posi\u00e7\u00f5es quanto aos planos do governo, visando \u00e0 massifica\u00e7\u00e3o da banda larga Veja ainda:Presidente quer empresa para banda largaPlano mais&#8230;<!-- AddThis Advanced Settings generic via filter on wp_trim_excerpt --><!-- AddThis Share Buttons generic via filter on wp_trim_excerpt --><\/p>\n","protected":false},"author":17,"featured_media":0,"comment_status":"closed","ping_status":"open","sticky":false,"template":"","format":"standard","meta":{"_monsterinsights_skip_tracking":false,"_monsterinsights_sitenote_active":false,"_monsterinsights_sitenote_note":"","_monsterinsights_sitenote_category":0,"_uf_show_specific_survey":0,"_uf_disable_surveys":false,"footnotes":""},"categories":[976],"tags":[],"class_list":["post-20026","post","type-post","status-publish","format-standard","hentry","category-noticias-em-destaque"],"acf":[],"_links":{"self":[{"href":"https:\/\/pdt-rj.org.br\/index.php\/wp-json\/wp\/v2\/posts\/20026","targetHints":{"allow":["GET"]}}],"collection":[{"href":"https:\/\/pdt-rj.org.br\/index.php\/wp-json\/wp\/v2\/posts"}],"about":[{"href":"https:\/\/pdt-rj.org.br\/index.php\/wp-json\/wp\/v2\/types\/post"}],"author":[{"embeddable":true,"href":"https:\/\/pdt-rj.org.br\/index.php\/wp-json\/wp\/v2\/users\/17"}],"replies":[{"embeddable":true,"href":"https:\/\/pdt-rj.org.br\/index.php\/wp-json\/wp\/v2\/comments?post=20026"}],"version-history":[{"count":1,"href":"https:\/\/pdt-rj.org.br\/index.php\/wp-json\/wp\/v2\/posts\/20026\/revisions"}],"predecessor-version":[{"id":56556,"href":"https:\/\/pdt-rj.org.br\/index.php\/wp-json\/wp\/v2\/posts\/20026\/revisions\/56556"}],"wp:attachment":[{"href":"https:\/\/pdt-rj.org.br\/index.php\/wp-json\/wp\/v2\/media?parent=20026"}],"wp:term":[{"taxonomy":"category","embeddable":true,"href":"https:\/\/pdt-rj.org.br\/index.php\/wp-json\/wp\/v2\/categories?post=20026"},{"taxonomy":"post_tag","embeddable":true,"href":"https:\/\/pdt-rj.org.br\/index.php\/wp-json\/wp\/v2\/tags?post=20026"}],"curies":[{"name":"wp","href":"https:\/\/api.w.org\/{rel}","templated":true}]}}