{"id":20025,"date":"2009-11-25T00:00:00","date_gmt":"2009-11-25T00:00:00","guid":{"rendered":"http:\/\/www.malungo2.com.br\/pdt\/index.php\/frente-quer-votar-projetos-contra-a-corrupcao"},"modified":"2017-10-26T09:08:26","modified_gmt":"2017-10-26T11:08:26","slug":"frente-quer-votar-projetos-contra-a-corrupcao","status":"publish","type":"post","link":"https:\/\/pdt-rj.org.br\/index.php\/frente-quer-votar-projetos-contra-a-corrupcao\/","title":{"rendered":"Frente quer votar projetos contra a corrup\u00e7\u00e3o"},"content":{"rendered":"<p>Os deputados da Frente Parlamentar de Combate \u00e0 Corrup\u00e7\u00e3o planejam uma s\u00e9rie de atividades para dar destaque aos projetos sobre o assunto que tramitam no Congresso. A <BR>inten\u00e7\u00e3o do coordenador do grupo, deputado Paulo Rubem Santiago (PDT-PE), \u00e9 realizar uma comiss\u00e3o geral no Dia Mundial de Combate \u00e0 Corrup\u00e7\u00e3o, comemorado em 9 <BR>de dezembro, e fazer manifesta\u00e7\u00f5es para atrair a aten\u00e7\u00e3o da sociedade.&nbsp;<BR><BR>A frente parlamentar tem 198 deputados e defende a vota\u00e7\u00e3o de 66 projetos listados a partir da demanda de entidades civis, como a ONG Contas Abertas. Essas propostas <BR>tratam do tr\u00e2mite de processos contra pol\u00edticos, cobram maior rigor para um candidato ser eleg\u00edvel, combatem o nepotismo, d\u00e3o mais transpar\u00eancia \u00e0 gest\u00e3o p\u00fablica e criminalizam <BR>a\u00e7\u00f5es contr\u00e1rias ao interesse p\u00fablico. Dessas, 13 est\u00e3o prontas para vota\u00e7\u00e3o em&nbsp; plen\u00e1rio. <BR>&#8220;O apoio da sociedade \u00e9 fundamental para o Congresso votar as propostas, porque contar com a ades\u00e3o de parlamentares que t\u00eam problemas com a Justi\u00e7a n\u00e3o \u00e9 f\u00e1cil&#8221;, <BR>argumentou Santiago.<\/p>\n<!-- AddThis Advanced Settings generic via filter on the_content --><!-- AddThis Share Buttons generic via filter on the_content -->","protected":false},"excerpt":{"rendered":"<p>Os deputados da Frente Parlamentar de Combate \u00e0 Corrup\u00e7\u00e3o planejam uma s\u00e9rie de atividades para dar destaque aos projetos sobre o assunto que tramitam no Congresso. A inten\u00e7\u00e3o do coordenador do grupo, deputado Paulo Rubem Santiago (PDT-PE), \u00e9 realizar uma comiss\u00e3o geral no Dia Mundial de Combate \u00e0 Corrup\u00e7\u00e3o, comemorado em 9 de dezembro, e&#8230;<!-- AddThis Advanced Settings generic via filter on wp_trim_excerpt --><!-- AddThis Share Buttons generic via filter on wp_trim_excerpt --><\/p>\n","protected":false},"author":17,"featured_media":0,"comment_status":"closed","ping_status":"open","sticky":false,"template":"","format":"standard","meta":{"_monsterinsights_skip_tracking":false,"_monsterinsights_sitenote_active":false,"_monsterinsights_sitenote_note":"","_monsterinsights_sitenote_category":0,"_uf_show_specific_survey":0,"_uf_disable_surveys":false,"footnotes":""},"categories":[976],"tags":[],"class_list":["post-20025","post","type-post","status-publish","format-standard","hentry","category-noticias-em-destaque"],"acf":[],"_links":{"self":[{"href":"https:\/\/pdt-rj.org.br\/index.php\/wp-json\/wp\/v2\/posts\/20025","targetHints":{"allow":["GET"]}}],"collection":[{"href":"https:\/\/pdt-rj.org.br\/index.php\/wp-json\/wp\/v2\/posts"}],"about":[{"href":"https:\/\/pdt-rj.org.br\/index.php\/wp-json\/wp\/v2\/types\/post"}],"author":[{"embeddable":true,"href":"https:\/\/pdt-rj.org.br\/index.php\/wp-json\/wp\/v2\/users\/17"}],"replies":[{"embeddable":true,"href":"https:\/\/pdt-rj.org.br\/index.php\/wp-json\/wp\/v2\/comments?post=20025"}],"version-history":[{"count":1,"href":"https:\/\/pdt-rj.org.br\/index.php\/wp-json\/wp\/v2\/posts\/20025\/revisions"}],"predecessor-version":[{"id":56555,"href":"https:\/\/pdt-rj.org.br\/index.php\/wp-json\/wp\/v2\/posts\/20025\/revisions\/56555"}],"wp:attachment":[{"href":"https:\/\/pdt-rj.org.br\/index.php\/wp-json\/wp\/v2\/media?parent=20025"}],"wp:term":[{"taxonomy":"category","embeddable":true,"href":"https:\/\/pdt-rj.org.br\/index.php\/wp-json\/wp\/v2\/categories?post=20025"},{"taxonomy":"post_tag","embeddable":true,"href":"https:\/\/pdt-rj.org.br\/index.php\/wp-json\/wp\/v2\/tags?post=20025"}],"curies":[{"name":"wp","href":"https:\/\/api.w.org\/{rel}","templated":true}]}}