{"id":20019,"date":"2009-11-16T00:00:00","date_gmt":"2009-11-16T00:00:00","guid":{"rendered":"http:\/\/www.malungo2.com.br\/pdt\/index.php\/outubro-o-melhor-da-historia-com-mais-230-mil-empregos"},"modified":"2017-10-26T09:08:26","modified_gmt":"2017-10-26T11:08:26","slug":"outubro-o-melhor-da-historia-com-mais-230-mil-empregos","status":"publish","type":"post","link":"https:\/\/pdt-rj.org.br\/index.php\/outubro-o-melhor-da-historia-com-mais-230-mil-empregos\/","title":{"rendered":"Outubro, o melhor da hist\u00f3ria com mais 230 mil empregos"},"content":{"rendered":"<p><P>Em 2008 foram criadas 1,45 milh\u00e3o de vagas.No m\u00eas de setembro, o n\u00famero de vagas criadas compensado as perdas com a crise, que somam cerca de 800 mil vagas.Outubro foi o nono m\u00eas consecutivo em que h\u00e1 crescimento de vagas, puxado principalmente pela ind\u00fastria de transforma\u00e7\u00e3o.<BR><BR>O saldo de empregos de outubro \u00e9 resultado da contrata\u00e7\u00e3o de 1,43 milh\u00e3o e demiss\u00e3o de 1,2 milh\u00e3o de pessoas e ficou 0,70% acima do estoque de assalariados de setembro.Na semana passada, o ministro Carlos Lupi (Trabalho) j\u00e1 havia antecipado a cria\u00e7\u00e3o de mais de 1 milh\u00e3o de vagas neste ano n\u00famero de vagas que o ministro havia previsto para todo o ano de 2009. Em 2008 foram criadas 1,45 milh\u00e3o de vagas.<BR><BR><STRONG>Dois milh\u00f5es em 2010<BR><\/STRONG>O ministro Carlos Lupi (Trabalho) disse nesta segunda-feira esperar a cria\u00e7\u00e3o de 2 milh\u00f5es de empregos em 2010, o que seria a maior gera\u00e7\u00e3o anual de empregos na hist\u00f3ria.Para 2009, o ministro manteve a proje\u00e7\u00e3o de saldo entre 1 milh\u00e3o e 1,1 milh\u00e3o de empregos. Segundo Lupi, isso ocorre porque no final do ano s\u00e3o registradas muitas demiss\u00f5es por conta do fim dos contratos tempor\u00e1rios.&#8221;Temos sempre no m\u00eas de novembro o come\u00e7o de diminui\u00e7\u00e3o das gera\u00e7\u00f5es e em dezembro o \u00edndice m\u00e9dio \u00e9 negativo em 300 mil por causa [do fim] dos contratos tempor\u00e1rios&#8221;, disse.<\/P><br \/>\n<P>Lupi divulgou hoje n\u00fameros do Caged (Cadastro Geral de Empregados e Desempregados) que mostraram a cria\u00e7\u00e3o de 1,163 milh\u00e3o de empregos de janeiro a outubro deste ano. No mesmo per\u00edodo do ano passado, foram criados 2,147 milh\u00f5es.&#8221;N\u00e3o me surpreende porque, desde mar\u00e7o, n\u00f3s t\u00ednhamos afirmado a solidez da economia nacional, a for\u00e7a do mercado interno. \u00c9 uma demonstra\u00e7\u00e3o inequ\u00edvoca dos acertos das pol\u00edticas governamentais que n\u00f3s tivemos ate agora, que possibilitou que o dinheiro circulasse&#8221;, afirmou. Em outubro, foram abertas 230.956 vagas, o melhor resultado da s\u00e9rie hist\u00f3rica, que come\u00e7a em 1992. \u00c9 o nono m\u00eas consecutivo em que h\u00e1 crescimento de vagas, puxado principalmente pela ind\u00fastria de transforma\u00e7\u00e3o.<BR><BR><A href=\"http:\/\/www1.folha.uol.com.br\/folha\/dinheiro\/ult91u653033.shtml\">Leia mais sobre esta mat\u00e9ria no site da Folha<\/A><BR><BR><A href=\"http:\/\/pdt12.locaweb.com.br\/paginas.asp?id=266\">Perfil do Ministro Carlos Lupi<\/A><\/P><\/p>\n<!-- AddThis Advanced Settings generic via filter on the_content --><!-- AddThis Share Buttons generic via filter on the_content -->","protected":false},"excerpt":{"rendered":"<p>Em 2008 foram criadas 1,45 milh\u00e3o de vagas.No m\u00eas de setembro, o n\u00famero de vagas criadas compensado as perdas com a crise, que somam cerca de 800 mil vagas.Outubro foi o nono m\u00eas consecutivo em que h\u00e1 crescimento de vagas, puxado principalmente pela ind\u00fastria de transforma\u00e7\u00e3o.O saldo de empregos de outubro \u00e9 resultado da contrata\u00e7\u00e3o&#8230;<!-- AddThis Advanced Settings generic via filter on wp_trim_excerpt --><!-- AddThis Share Buttons generic via filter on wp_trim_excerpt --><\/p>\n","protected":false},"author":17,"featured_media":0,"comment_status":"closed","ping_status":"open","sticky":false,"template":"","format":"standard","meta":{"_monsterinsights_skip_tracking":false,"_monsterinsights_sitenote_active":false,"_monsterinsights_sitenote_note":"","_monsterinsights_sitenote_category":0,"_uf_show_specific_survey":0,"_uf_disable_surveys":false,"footnotes":""},"categories":[976],"tags":[],"class_list":["post-20019","post","type-post","status-publish","format-standard","hentry","category-noticias-em-destaque"],"acf":[],"_links":{"self":[{"href":"https:\/\/pdt-rj.org.br\/index.php\/wp-json\/wp\/v2\/posts\/20019","targetHints":{"allow":["GET"]}}],"collection":[{"href":"https:\/\/pdt-rj.org.br\/index.php\/wp-json\/wp\/v2\/posts"}],"about":[{"href":"https:\/\/pdt-rj.org.br\/index.php\/wp-json\/wp\/v2\/types\/post"}],"author":[{"embeddable":true,"href":"https:\/\/pdt-rj.org.br\/index.php\/wp-json\/wp\/v2\/users\/17"}],"replies":[{"embeddable":true,"href":"https:\/\/pdt-rj.org.br\/index.php\/wp-json\/wp\/v2\/comments?post=20019"}],"version-history":[{"count":1,"href":"https:\/\/pdt-rj.org.br\/index.php\/wp-json\/wp\/v2\/posts\/20019\/revisions"}],"predecessor-version":[{"id":56561,"href":"https:\/\/pdt-rj.org.br\/index.php\/wp-json\/wp\/v2\/posts\/20019\/revisions\/56561"}],"wp:attachment":[{"href":"https:\/\/pdt-rj.org.br\/index.php\/wp-json\/wp\/v2\/media?parent=20019"}],"wp:term":[{"taxonomy":"category","embeddable":true,"href":"https:\/\/pdt-rj.org.br\/index.php\/wp-json\/wp\/v2\/categories?post=20019"},{"taxonomy":"post_tag","embeddable":true,"href":"https:\/\/pdt-rj.org.br\/index.php\/wp-json\/wp\/v2\/tags?post=20019"}],"curies":[{"name":"wp","href":"https:\/\/api.w.org\/{rel}","templated":true}]}}