{"id":20017,"date":"2009-11-13T00:00:00","date_gmt":"2009-11-13T00:00:00","guid":{"rendered":"http:\/\/www.malungo2.com.br\/pdt\/index.php\/video-do-pdt-e-mais-detalhes-da-realizacao-do-confecom"},"modified":"2017-10-26T09:08:27","modified_gmt":"2017-10-26T11:08:27","slug":"video-do-12-e-mais-detalhes-da-realizacao-do-confecom","status":"publish","type":"post","link":"https:\/\/pdt-rj.org.br\/index.php\/video-do-12-e-mais-detalhes-da-realizacao-do-confecom\/","title":{"rendered":"V\u00cdDEO DO PDT e mais detalhes da realiza\u00e7\u00e3o do Confecom"},"content":{"rendered":"<p><A href=\"http:\/\/videolog.uol.com.br\/video.php?id=478190\">Clique&nbsp;aqui para o v\u00eddeo: M\u00eddia, Poder e Pol\u00edtica<\/A><BR><BR>De acordo com o Decreto Presidencial publicado no dia 16 de abril de 2009, a I Confer\u00eancia Nacional de Comunica\u00e7\u00e3o ter\u00e1 como tema \u0093Comunica\u00e7\u00e3o: meios para a constru\u00e7\u00e3o de direitos e de cidadania na era digital\u0094 e ser\u00e1 realizada nos dias 14, 15, 16 e 17 de dezembro de 2009 no Centro de Conven\u00e7\u00f5es Ulysses Guimar\u00e3es, em Bras\u00edlia.<BR><BR>Ela ser\u00e1 presidida pelo Minist\u00e9rio das Comunica\u00e7\u00f5es e contar\u00e1 com a colabora\u00e7\u00e3o direta da Secretaria Geral da Presid\u00eancia e da Secretaria de Comunica\u00e7\u00e3o Social. Na Portaria 185, de 20 de abril de 2009, foram institu\u00eddos os \u00f3rg\u00e3os do poder p\u00fablico e as institui\u00e7\u00f5es da sociedade civil que comp\u00f5em a Comiss\u00e3o Organizadora, respons\u00e1vel por regular todos os aspectos da Confer\u00eancia.<BR><BR>Ela \u00e9 composta por oito representantes do Executivo Federal, dezesseis representantes da sociedade civil, divididos entre entidades do movimento social (7) , organiza\u00e7\u00f5es do setor privado-comercial (8) e m\u00eddia p\u00fablica (1). Os trabalhos ser\u00e3o encaminhados por meio de tr\u00eas comiss\u00f5es internas: 1) Comiss\u00e3o de Log\u00edstica; 2) Comiss\u00e3o de Metodologia e Sistematiza\u00e7\u00e3o; e 3) Comiss\u00e3o de Divulga\u00e7\u00e3o<BR>.<BR>No dia 26 de maio de 2009 foi publicada a Portaria 315, que relaciona os nomes dos representantes de todas as entidades e \u00f3rg\u00e3os do poder p\u00fablico que fazem parte da Comiss\u00e3o Organizadora. No dia 29 de maio, foi feita uma retifica\u00e7\u00e3o por meio da Portaria 337, alterando a nomea\u00e7\u00e3o do Minist\u00e9rio da Justi\u00e7a e indicando a deputada Luiza Erundina como titular da C\u00e2mara dos Deputados, junto com o deputado Paulo Bonhausen.<BR><BR><A href=\"http:\/\/proconferencia.org.br\/a-conferencia\/\">Veja mais detalhes aqui, no site da Confer\u00eancia<\/A><\/p>\n<!-- AddThis Advanced Settings generic via filter on the_content --><!-- AddThis Share Buttons generic via filter on the_content -->","protected":false},"excerpt":{"rendered":"<p>Clique&nbsp;aqui para o v\u00eddeo: M\u00eddia, Poder e Pol\u00edticaDe acordo com o Decreto Presidencial publicado no dia 16 de abril de 2009, a I Confer\u00eancia Nacional de Comunica\u00e7\u00e3o ter\u00e1 como tema \u0093Comunica\u00e7\u00e3o: meios para a constru\u00e7\u00e3o de direitos e de cidadania na era digital\u0094 e ser\u00e1 realizada nos dias 14, 15, 16 e 17 de dezembro&#8230;<!-- AddThis Advanced Settings generic via filter on wp_trim_excerpt --><!-- AddThis Share Buttons generic via filter on wp_trim_excerpt --><\/p>\n","protected":false},"author":17,"featured_media":0,"comment_status":"closed","ping_status":"open","sticky":false,"template":"","format":"standard","meta":{"_monsterinsights_skip_tracking":false,"_monsterinsights_sitenote_active":false,"_monsterinsights_sitenote_note":"","_monsterinsights_sitenote_category":0,"_uf_show_specific_survey":0,"_uf_disable_surveys":false,"footnotes":""},"categories":[976],"tags":[],"class_list":["post-20017","post","type-post","status-publish","format-standard","hentry","category-noticias-em-destaque"],"acf":[],"_links":{"self":[{"href":"https:\/\/pdt-rj.org.br\/index.php\/wp-json\/wp\/v2\/posts\/20017","targetHints":{"allow":["GET"]}}],"collection":[{"href":"https:\/\/pdt-rj.org.br\/index.php\/wp-json\/wp\/v2\/posts"}],"about":[{"href":"https:\/\/pdt-rj.org.br\/index.php\/wp-json\/wp\/v2\/types\/post"}],"author":[{"embeddable":true,"href":"https:\/\/pdt-rj.org.br\/index.php\/wp-json\/wp\/v2\/users\/17"}],"replies":[{"embeddable":true,"href":"https:\/\/pdt-rj.org.br\/index.php\/wp-json\/wp\/v2\/comments?post=20017"}],"version-history":[{"count":1,"href":"https:\/\/pdt-rj.org.br\/index.php\/wp-json\/wp\/v2\/posts\/20017\/revisions"}],"predecessor-version":[{"id":56563,"href":"https:\/\/pdt-rj.org.br\/index.php\/wp-json\/wp\/v2\/posts\/20017\/revisions\/56563"}],"wp:attachment":[{"href":"https:\/\/pdt-rj.org.br\/index.php\/wp-json\/wp\/v2\/media?parent=20017"}],"wp:term":[{"taxonomy":"category","embeddable":true,"href":"https:\/\/pdt-rj.org.br\/index.php\/wp-json\/wp\/v2\/categories?post=20017"},{"taxonomy":"post_tag","embeddable":true,"href":"https:\/\/pdt-rj.org.br\/index.php\/wp-json\/wp\/v2\/tags?post=20017"}],"curies":[{"name":"wp","href":"https:\/\/api.w.org\/{rel}","templated":true}]}}