{"id":20009,"date":"2009-10-27T00:00:00","date_gmt":"2009-10-27T00:00:00","guid":{"rendered":"http:\/\/www.malungo2.com.br\/pdt\/index.php\/urgencia-para-votar-projetos"},"modified":"2017-10-26T09:08:27","modified_gmt":"2017-10-26T11:08:27","slug":"urgencia-para-votar-projetos","status":"publish","type":"post","link":"https:\/\/pdt-rj.org.br\/index.php\/urgencia-para-votar-projetos\/","title":{"rendered":"Urg\u00eancia para votar projetos"},"content":{"rendered":"<p>Pensionistas <BR>O governo quer votar na C\u00e2mara dos Deputados, at\u00e9 10 de novembro, a proposta que agrega o novo fator previdenci\u00e1rio e o reajuste encorpado para as aposentadorias <BR>superiores a um sal\u00e1rio m\u00ednimo. O pedido de urg\u00eancia, apresentado pelo deputado Jo\u00e3o D a d o (PDT-SP), deve ser votado quando for aberta uma janela na pauta de vota\u00e7\u00f5es na <BR>Casa. Reunidas esta semana, tr\u00eas das cinco centrais sindicais envolvidas na negocia\u00e7\u00e3o selaram acordo pelo projeto.<\/p>\n<!-- AddThis Advanced Settings generic via filter on the_content --><!-- AddThis Share Buttons generic via filter on the_content -->","protected":false},"excerpt":{"rendered":"<p>Pensionistas O governo quer votar na C\u00e2mara dos Deputados, at\u00e9 10 de novembro, a proposta que agrega o novo fator previdenci\u00e1rio e o reajuste encorpado para as aposentadorias superiores a um sal\u00e1rio m\u00ednimo. O pedido de urg\u00eancia, apresentado pelo deputado Jo\u00e3o D a d o (PDT-SP), deve ser votado quando for aberta uma janela na&#8230;<!-- AddThis Advanced Settings generic via filter on wp_trim_excerpt --><!-- AddThis Share Buttons generic via filter on wp_trim_excerpt --><\/p>\n","protected":false},"author":17,"featured_media":0,"comment_status":"closed","ping_status":"open","sticky":false,"template":"","format":"standard","meta":{"_monsterinsights_skip_tracking":false,"_monsterinsights_sitenote_active":false,"_monsterinsights_sitenote_note":"","_monsterinsights_sitenote_category":0,"_uf_show_specific_survey":0,"_uf_disable_surveys":false,"footnotes":""},"categories":[976],"tags":[],"class_list":["post-20009","post","type-post","status-publish","format-standard","hentry","category-noticias-em-destaque"],"acf":[],"_links":{"self":[{"href":"https:\/\/pdt-rj.org.br\/index.php\/wp-json\/wp\/v2\/posts\/20009","targetHints":{"allow":["GET"]}}],"collection":[{"href":"https:\/\/pdt-rj.org.br\/index.php\/wp-json\/wp\/v2\/posts"}],"about":[{"href":"https:\/\/pdt-rj.org.br\/index.php\/wp-json\/wp\/v2\/types\/post"}],"author":[{"embeddable":true,"href":"https:\/\/pdt-rj.org.br\/index.php\/wp-json\/wp\/v2\/users\/17"}],"replies":[{"embeddable":true,"href":"https:\/\/pdt-rj.org.br\/index.php\/wp-json\/wp\/v2\/comments?post=20009"}],"version-history":[{"count":1,"href":"https:\/\/pdt-rj.org.br\/index.php\/wp-json\/wp\/v2\/posts\/20009\/revisions"}],"predecessor-version":[{"id":56570,"href":"https:\/\/pdt-rj.org.br\/index.php\/wp-json\/wp\/v2\/posts\/20009\/revisions\/56570"}],"wp:attachment":[{"href":"https:\/\/pdt-rj.org.br\/index.php\/wp-json\/wp\/v2\/media?parent=20009"}],"wp:term":[{"taxonomy":"category","embeddable":true,"href":"https:\/\/pdt-rj.org.br\/index.php\/wp-json\/wp\/v2\/categories?post=20009"},{"taxonomy":"post_tag","embeddable":true,"href":"https:\/\/pdt-rj.org.br\/index.php\/wp-json\/wp\/v2\/tags?post=20009"}],"curies":[{"name":"wp","href":"https:\/\/api.w.org\/{rel}","templated":true}]}}