{"id":20007,"date":"2009-10-20T00:00:00","date_gmt":"2009-10-20T00:00:00","guid":{"rendered":"http:\/\/www.malungo2.com.br\/pdt\/index.php\/nesta-quinta-2210-as-20h30m-programa-nacional-do-pdt"},"modified":"2017-10-26T09:08:27","modified_gmt":"2017-10-26T11:08:27","slug":"nesta-quinta-2210-as-20h30m-programa-nacional-do-12","status":"publish","type":"post","link":"https:\/\/pdt-rj.org.br\/index.php\/nesta-quinta-2210-as-20h30m-programa-nacional-do-12\/","title":{"rendered":"Nesta quinta (22\/10), \u00e0s 20h30m, programa nacional do PDT"},"content":{"rendered":"<p>O programa nacional do PDT ser\u00e1 apresentado nesta quinta-feira, dia 22\/10, a partir das 20h30m, em rede nacional de televis\u00e3o. No mesmo dia, a partir das 20 horas, entra no ar o programa do PDT em rede nacional de r\u00e1dio. N\u00e3o percam.<\/p>\n<!-- AddThis Advanced Settings generic via filter on the_content --><!-- AddThis Share Buttons generic via filter on the_content -->","protected":false},"excerpt":{"rendered":"<p>O programa nacional do PDT ser\u00e1 apresentado nesta quinta-feira, dia 22\/10, a partir das 20h30m, em rede nacional de televis\u00e3o. No mesmo dia, a partir das 20 horas, entra no ar o programa do PDT em rede nacional de r\u00e1dio. N\u00e3o percam.<!-- AddThis Advanced Settings generic via filter on wp_trim_excerpt --><!-- AddThis Share Buttons generic via filter on wp_trim_excerpt --><\/p>\n","protected":false},"author":17,"featured_media":0,"comment_status":"closed","ping_status":"open","sticky":false,"template":"","format":"standard","meta":{"_monsterinsights_skip_tracking":false,"_monsterinsights_sitenote_active":false,"_monsterinsights_sitenote_note":"","_monsterinsights_sitenote_category":0,"_uf_show_specific_survey":0,"_uf_disable_surveys":false,"footnotes":""},"categories":[976],"tags":[],"class_list":["post-20007","post","type-post","status-publish","format-standard","hentry","category-noticias-em-destaque"],"acf":[],"_links":{"self":[{"href":"https:\/\/pdt-rj.org.br\/index.php\/wp-json\/wp\/v2\/posts\/20007","targetHints":{"allow":["GET"]}}],"collection":[{"href":"https:\/\/pdt-rj.org.br\/index.php\/wp-json\/wp\/v2\/posts"}],"about":[{"href":"https:\/\/pdt-rj.org.br\/index.php\/wp-json\/wp\/v2\/types\/post"}],"author":[{"embeddable":true,"href":"https:\/\/pdt-rj.org.br\/index.php\/wp-json\/wp\/v2\/users\/17"}],"replies":[{"embeddable":true,"href":"https:\/\/pdt-rj.org.br\/index.php\/wp-json\/wp\/v2\/comments?post=20007"}],"version-history":[{"count":1,"href":"https:\/\/pdt-rj.org.br\/index.php\/wp-json\/wp\/v2\/posts\/20007\/revisions"}],"predecessor-version":[{"id":56572,"href":"https:\/\/pdt-rj.org.br\/index.php\/wp-json\/wp\/v2\/posts\/20007\/revisions\/56572"}],"wp:attachment":[{"href":"https:\/\/pdt-rj.org.br\/index.php\/wp-json\/wp\/v2\/media?parent=20007"}],"wp:term":[{"taxonomy":"category","embeddable":true,"href":"https:\/\/pdt-rj.org.br\/index.php\/wp-json\/wp\/v2\/categories?post=20007"},{"taxonomy":"post_tag","embeddable":true,"href":"https:\/\/pdt-rj.org.br\/index.php\/wp-json\/wp\/v2\/tags?post=20007"}],"curies":[{"name":"wp","href":"https:\/\/api.w.org\/{rel}","templated":true}]}}