{"id":20006,"date":"2009-10-16T00:00:00","date_gmt":"2009-10-16T00:00:00","guid":{"rendered":"http:\/\/www.malungo2.com.br\/pdt\/index.php\/pdt-discute-nesta-terca-pre-sal-e-atuacao-das-bancadas"},"modified":"2017-10-26T09:08:27","modified_gmt":"2017-10-26T11:08:27","slug":"12-discute-nesta-terca-pre-sal-e-atuacao-das-bancadas","status":"publish","type":"post","link":"https:\/\/pdt-rj.org.br\/index.php\/12-discute-nesta-terca-pre-sal-e-atuacao-das-bancadas\/","title":{"rendered":"PDT discute nesta ter\u00e7a pr\u00e9-sal e atua\u00e7\u00e3o das bancadas"},"content":{"rendered":"<p>As lideran\u00e7as do PDT na C\u00e2mara e no Senado em parceria com a Funda\u00e7\u00e3o Leonel Brizola Alberto Pasqualini promovem na ter\u00e7a-feira, dia 20 de outubro, mais uma rodada de discuss\u00f5es do Cliclo de Debates Vis\u00e3o Trabalhista. A atua\u00e7\u00e3o das bancadas da C\u00e2mara e do Senado,&nbsp;o projeto do partido para 2010, e o trabalhismo&nbsp; como meio para sair da crise ser\u00e3o o foco dos debates.<BR>Veja a programa\u00e7\u00e3o:<BR><BR><BR>Programa\u00e7\u00e3o: <BR><BR>20\/10\/2009 <BR>local: Freitas Nobre <BR>Subsolo do Anexo IV C\u00e2mara <BR><BR>9h <BR>Abertura Oficial <BR>10h <BR>Informe e atua\u00e7\u00e3o da Bancada na C\u00e2mara <BR>Deputado Federal Dagoberto (MS) <BR>L\u00edder <BR>10h30 <BR>Informe e atua\u00e7\u00e3o da Bancada no Senado <BR>Senador Osmar Dias (PR) <BR>L\u00edder <BR>11h <BR>Projeto Brasil Trabalhista 2010 <BR>Pre-Sal: Carlos Lessa <BR>12h <BR>A sa\u00edda da crise \u00e9 o trabalhismo <BR>13h <BR>Interven\u00e7\u00f5es<BR><BR><STRONG>Fundamenta\u00e7\u00e3o e Finalidades<\/STRONG>: <BR><BR>O momento da ordem social vigente em que nos encontramos \u00e9 muito inst\u00e1vel. A gan\u00e2ncia que move os moinhos do capitalismo estrangulou o&nbsp; desenvolvimento social h\u00e1 muito, e agora p\u00f5e em colapso o desenvolvimento econ\u00f4mico mundial. A prova\u00e7\u00e3o de que esse modelo de&nbsp; gest\u00e3o caduco (da m\u00ednima interven\u00e7\u00e3o do Estado na economia) n\u00e3o se sustenta, nos trouxe uma certeza: as pessoas hoje, mais que antes,&nbsp; est\u00e3o dispostas a discutir e procurar entender a sociedade e esse sistema econ\u00f4mico que noutros momentos parecia eficiente e indiscut\u00edvel, mas que agora as joga ainda mais para o abismo da <BR>exclus\u00e3o social, da falta de equipamentos p\u00fablicos que lhe garantam a&nbsp; cidadania; da falta de emprego que p\u00f5e em xeque sua dignidade; que lhes d\u00eaem perspectivas.&nbsp;<BR><BR>O Brasil est\u00e1 carente de uma proposta de na\u00e7\u00e3o, que traga ao povo a certeza de que o desenvolvimento do pa\u00eds passa pela participa\u00e7\u00e3o de cada cidad\u00e3o. Para isso, \u00e9 necess\u00e1rio que priorizemos o desenvolvimento do indiv\u00edduo como respons\u00e1vel pela constru\u00e7\u00e3o do coletivo, imprimindo-lhe a certeza de que ele \u00e9 um ser que contribui individualmente com o mundo que&nbsp; temos e, sendo assim, deve contribuir para construirmos o mundo que queremos. \u00c9 preciso que assimilemos nossa responsabilidade dentro da sociedade e que essa n\u00e3o pode ser substitu\u00edda por ningu\u00e9m, seja ela <BR>atrav\u00e9s da produ\u00e7\u00e3o de bens e servi\u00e7os, seja na produ\u00e7\u00e3o cultural, seja na produ\u00e7\u00e3o do conhecimento cient\u00edfico, de forma a socializar todo esse conte\u00fado e assim permitir o desenvolvimento sustent\u00e1vel. <BR>A coletividade ser\u00e1 garantida quando cada indiv\u00edduo compreender seu papel na organiza\u00e7\u00e3o da sociedade e que, com o individualismo, ele compromete a exist\u00eancia da pr\u00f3pria sociedade a partir de seu conceito fundamental. <BR><BR>Por fim, a discuss\u00e3o (al\u00e9m de outros s\u00edmbolos menos significantes neste caso) entre os indiv\u00edduos \u00e9 o princ\u00edpio b\u00e1sico de forma\u00e7\u00e3o de uma sociedade e os resultados dessa rela\u00e7\u00e3o \u00e9 que formam o pensamento dominante que viabilizar\u00e1 as estruturas que v\u00e3o gerir essa mesma sociedade; seja num processo de domina\u00e7\u00e3o do homem pelo homem, intensificando a viol\u00eancia contra toda e qualquer forma de vida que conhecemos, seja para construir uma sociedade libert\u00e1ria que se fundamente no respeito \u00e0 vida e na justi\u00e7a social rumo a um mundo de harmonia e paz, rumo ao socialismo. <BR><BR>Objetivo Geral: <BR><BR>Estimular o di\u00e1logo na sociedade sobre a constru\u00e7\u00e3o de um modelo de desenvolvimento para o Brasil, que tenha como pedra fundamental a valoriza\u00e7\u00e3o do trabalho e do pensamento cient\u00edfico como forma de emancipa\u00e7\u00e3o do homem e equil\u00edbrio social. Visar \u00e0 constru\u00e7\u00e3o de uma sociedade sustent\u00e1vel, sadia, pautada no fortalecimento e prioriza\u00e7\u00e3o da rela\u00e7\u00e3o humana em detrimento ao profundo fosso social criado a partir do ac\u00famulo do capital, da mais valia, da destrui\u00e7\u00e3o do planeta&#8230; <BR>Esperamos que atrav\u00e9s desse di\u00e1logo, possamos retomar a organiza\u00e7\u00e3o social e recuperar a for\u00e7a de mobiliza\u00e7\u00e3o dos movimentos sociais na disputa dos rumos que o pa\u00eds deve tomar para incluir todo cidad\u00e3o no processo de produ\u00e7\u00e3o e forma\u00e7\u00e3o do conhecimento. \u00c9 por este caminho que acreditamos estar a sa\u00edda para o desenvolvimento, pautado no equil\u00edbrio da rela\u00e7\u00e3o de explora\u00e7\u00e3o da <BR>natureza com as verdadeiras necessidades do homem. <BR><BR><BR>Objetivos Espec\u00edficos: <BR><BR>_Discutir os grandes temas de relev\u00e2ncia nacional a fim de apresentar \u00e0 sociedade uma proposta de agenda pol\u00edtica que aponte caminhos para o desenvolvimento social e econ\u00f4mico do pa\u00eds, com sustentabilidade. <BR>_Sintetizar em um documento (revista) com os produtos dessa discuss\u00e3o, como forma de fazer ressoar nas bases da sociedade um programa pol\u00edtico de governo alinhado com as demandas sociais e o pensamento cient\u00edfico voltado para o desenvolvimento com autonomia, sem submiss\u00e3o aos desmandos do grande capital, representado pelas grandes multinacionais, que impedem nosso crescimento atrav\u00e9s das perdas que nos geram a partir da extra\u00e7\u00e3o e transfer\u00eancia de nossas riquezas naturais sem agrega\u00e7\u00e3o de valor. <BR><BR>Al\u00e9m deste documento, um registro audiovisual se far\u00e1 necess\u00e1rio para reproduzir o debate em todos os lugares onde houver espa\u00e7o para a discuss\u00e3o, forma eficiente de mostrarmos nossa vis\u00e3o sobre as alternativas que pensamos para o pa\u00eds. <BR><BR><BR>Metas: <BR><BR>*Realizar debates em diferentes estados; <BR><BR>*Mobilizar todo o partido e suas estruturas na constru\u00e7\u00e3o e discuss\u00e3o <BR>deste projeto; <BR><BR>*Produzir e distribuir uma revista que conter\u00e1, de forma objetiva, <BR>nossa proposta para o Brasil; <BR><BR>*Orientar as estruturas de poder do partido em torno da execu\u00e7\u00e3o deste <BR>projeto (prefeitos, deputados, vereadores, etc..); <BR><BR>*Editar em v\u00eddeo esses debates e distribuir em larga escala; <BR><BR>*Apresentar um programa para o pa\u00eds. <BR><BR><BR><\/p>\n<!-- AddThis Advanced Settings generic via filter on the_content --><!-- AddThis Share Buttons generic via filter on the_content -->","protected":false},"excerpt":{"rendered":"<p>As lideran\u00e7as do PDT na C\u00e2mara e no Senado em parceria com a Funda\u00e7\u00e3o Leonel Brizola Alberto Pasqualini promovem na ter\u00e7a-feira, dia 20 de outubro, mais uma rodada de discuss\u00f5es do Cliclo de Debates Vis\u00e3o Trabalhista. A atua\u00e7\u00e3o das bancadas da C\u00e2mara e do Senado,&nbsp;o projeto do partido para 2010, e o trabalhismo&nbsp; como meio&#8230;<!-- AddThis Advanced Settings generic via filter on wp_trim_excerpt --><!-- AddThis Share Buttons generic via filter on wp_trim_excerpt --><\/p>\n","protected":false},"author":17,"featured_media":0,"comment_status":"closed","ping_status":"open","sticky":false,"template":"","format":"standard","meta":{"_monsterinsights_skip_tracking":false,"_monsterinsights_sitenote_active":false,"_monsterinsights_sitenote_note":"","_monsterinsights_sitenote_category":0,"_uf_show_specific_survey":0,"_uf_disable_surveys":false,"footnotes":""},"categories":[976],"tags":[],"class_list":["post-20006","post","type-post","status-publish","format-standard","hentry","category-noticias-em-destaque"],"acf":[],"_links":{"self":[{"href":"https:\/\/pdt-rj.org.br\/index.php\/wp-json\/wp\/v2\/posts\/20006","targetHints":{"allow":["GET"]}}],"collection":[{"href":"https:\/\/pdt-rj.org.br\/index.php\/wp-json\/wp\/v2\/posts"}],"about":[{"href":"https:\/\/pdt-rj.org.br\/index.php\/wp-json\/wp\/v2\/types\/post"}],"author":[{"embeddable":true,"href":"https:\/\/pdt-rj.org.br\/index.php\/wp-json\/wp\/v2\/users\/17"}],"replies":[{"embeddable":true,"href":"https:\/\/pdt-rj.org.br\/index.php\/wp-json\/wp\/v2\/comments?post=20006"}],"version-history":[{"count":1,"href":"https:\/\/pdt-rj.org.br\/index.php\/wp-json\/wp\/v2\/posts\/20006\/revisions"}],"predecessor-version":[{"id":56574,"href":"https:\/\/pdt-rj.org.br\/index.php\/wp-json\/wp\/v2\/posts\/20006\/revisions\/56574"}],"wp:attachment":[{"href":"https:\/\/pdt-rj.org.br\/index.php\/wp-json\/wp\/v2\/media?parent=20006"}],"wp:term":[{"taxonomy":"category","embeddable":true,"href":"https:\/\/pdt-rj.org.br\/index.php\/wp-json\/wp\/v2\/categories?post=20006"},{"taxonomy":"post_tag","embeddable":true,"href":"https:\/\/pdt-rj.org.br\/index.php\/wp-json\/wp\/v2\/tags?post=20006"}],"curies":[{"name":"wp","href":"https:\/\/api.w.org\/{rel}","templated":true}]}}